{"id":7494,"date":"2022-03-16T13:43:20","date_gmt":"2022-03-16T11:43:20","guid":{"rendered":"https:\/\/www.ra-vsz.hr\/?p=7494"},"modified":"2023-01-30T19:34:44","modified_gmt":"2023-01-30T19:34:44","slug":"poziv-na-razgovor-kandidata-za-radno-mjesto-projektnog-asistenta-u-odjelu-za-provedbu-programa-i-projekata-2","status":"publish","type":"post","link":"https:\/\/www.ra-vsz.hr\/en\/poziv-na-razgovor-kandidata-za-radno-mjesto-projektnog-asistenta-u-odjelu-za-provedbu-programa-i-projekata-2\/","title":{"rendered":"Poziv na razgovor kandidata za radno mjesto projektnog asistenta u Odjelu za provedbu programa i projekata"},"content":{"rendered":"<p>KLASA: 112-01\/22-03\/01<\/p>\n<p>URBROJ: 2196-100-05\/3-22-38<\/p>\n<p>U Vinkovcima, 16. o\u017eujka 2022. \u00a0godine<\/p>\n<p style=\"text-align: center;\">Poziv na razgovor kandidata za radno mjesto <strong>projektnog asistenta u Odjelu za provedbu programa i projekata <\/strong>u Razvojnoj agenciji\u00a0 Vukovarsko-srijemske \u017eupanije<\/p>\n<p>Sukladno pozivu na pisano testiranje kandidata za radno mjesto <strong>projektnog asistenta <\/strong>u Odjelu za provedbu programa i projekata u Razvojnoj agenciji\u00a0 Vukovarsko-srijemske \u017eupanije, 7. o\u017eujka 2022. godine, KLASA: 112-01\/22-03\/01, URBROJ: 2196-100-05\/3-22-37, na usmeni dio, razgovor, pozivaju se sljede\u0107i kandidati:<\/p>\n<ol>\n<li>IVAN VENDL<\/li>\n<li>MISLAV TOMI\u0106<\/li>\n<li>ZRINKA MATI\u0106<\/li>\n<li>IVANA TADI\u0106<\/li>\n<li>NIKA \u0160IPRAK WENDLING<\/li>\n<\/ol>\n<p>Usmeni dio, razgovor \u0107e se odr\u017eati u <strong>\u010detvrtak, 17. o\u017eujka 2022. godine u 9:30 sati, <\/strong>u prostorijama Razvojne agencije Vukovarsko-srijemske \u017eupanije, Antuna Ak\u0161amovi\u0107a 31, Vinkovci.<\/p>\n<p style=\"text-align: right;\">\u00a0\u00a0\u00a0\u00a0\u00a0\u00a0\u00a0\u00a0\u00a0\u00a0\u00a0\u00a0\u00a0\u00a0\u00a0\u00a0\u00a0\u00a0\u00a0\u00a0\u00a0\u00a0\u00a0\u00a0\u00a0\u00a0\u00a0\u00a0\u00a0\u00a0\u00a0\u00a0\u00a0\u00a0\u00a0\u00a0\u00a0\u00a0\u00a0\u00a0\u00a0\u00a0\u00a0\u00a0\u00a0\u00a0\u00a0\u00a0\u00a0\u00a0\u00a0\u00a0\u00a0\u00a0\u00a0\u00a0\u00a0\u00a0\u00a0\u00a0\u00a0\u00a0\u00a0\u00a0\u00a0\u00a0\u00a0\u00a0\u00a0\u00a0\u00a0\u00a0\u00a0\u00a0\u00a0\u00a0\u00a0\u00a0\u00a0\u00a0\u00a0\u00a0\u00a0\u00a0\u00a0\u00a0\u00a0\u00a0\u00a0\u00a0\u00a0\u00a0\u00a0\u00a0\u00a0\u00a0\u00a0\u00a0\u00a0\u00a0\u00a0\u00a0\u00a0\u00a0\u00a0\u00a0\u00a0\u00a0\u00a0\u00a0\u00a0\u00a0\u00a0\u00a0\u00a0\u00a0\u00a0\u00a0\u00a0\u00a0\u00a0\u00a0\u00a0\u00a0\u00a0\u00a0\u00a0\u00a0\u00a0\u00a0\u00a0\u00a0\u00a0\u00a0\u00a0\u00a0\u00a0\u00a0\u00a0\u00a0\u00a0\u00a0 Predsjednik povjerenstva:<\/p>\n<p style=\"text-align: right;\">Goran Koprivnjak, univ.spec.oec.<\/p>","protected":false},"excerpt":{"rendered":"<p>KLASA: 112-01\/22-03\/01 URBROJ: 2196-100-05\/3-22-38 U Vinkovcima, 16. o\u017eujka 2022. \u00a0godine Poziv na razgovor kandidata za radno mjesto projektnog asistenta u Odjelu za provedbu programa i projekata u Razvojnoj agenciji\u00a0 Vukovarsko-srijemske \u017eupanije Sukladno pozivu na pisano testiranje kandidata za radno mjesto projektnog asistenta u Odjelu za provedbu programa i projekata u Razvojnoj agenciji\u00a0 Vukovarsko-srijemske \u017eupanije, 7. [&hellip;]<\/p>","protected":false},"author":2,"featured_media":1538,"comment_status":"closed","ping_status":"closed","sticky":false,"template":"","format":"standard","meta":{"_et_pb_use_builder":"","_et_pb_old_content":"","_et_gb_content_width":"","footnotes":""},"categories":[4],"tags":[],"class_list":["post-7494","post","type-post","status-publish","format-standard","has-post-thumbnail","hentry","category-vijesti"],"_links":{"self":[{"href":"https:\/\/www.ra-vsz.hr\/en\/wp-json\/wp\/v2\/posts\/7494","targetHints":{"allow":["GET"]}}],"collection":[{"href":"https:\/\/www.ra-vsz.hr\/en\/wp-json\/wp\/v2\/posts"}],"about":[{"href":"https:\/\/www.ra-vsz.hr\/en\/wp-json\/wp\/v2\/types\/post"}],"author":[{"embeddable":true,"href":"https:\/\/www.ra-vsz.hr\/en\/wp-json\/wp\/v2\/users\/2"}],"replies":[{"embeddable":true,"href":"https:\/\/www.ra-vsz.hr\/en\/wp-json\/wp\/v2\/comments?post=7494"}],"version-history":[{"count":1,"href":"https:\/\/www.ra-vsz.hr\/en\/wp-json\/wp\/v2\/posts\/7494\/revisions"}],"predecessor-version":[{"id":10941,"href":"https:\/\/www.ra-vsz.hr\/en\/wp-json\/wp\/v2\/posts\/7494\/revisions\/10941"}],"wp:featuredmedia":[{"embeddable":true,"href":"https:\/\/www.ra-vsz.hr\/en\/wp-json\/"}],"wp:attachment":[{"href":"https:\/\/www.ra-vsz.hr\/en\/wp-json\/wp\/v2\/media?parent=7494"}],"wp:term":[{"taxonomy":"category","embeddable":true,"href":"https:\/\/www.ra-vsz.hr\/en\/wp-json\/wp\/v2\/categories?post=7494"},{"taxonomy":"post_tag","embeddable":true,"href":"https:\/\/www.ra-vsz.hr\/en\/wp-json\/wp\/v2\/tags?post=7494"}],"curies":[{"name":"wp","href":"https:\/\/api.w.org\/{rel}","templated":true}]}}