{"id":7489,"date":"2022-03-16T13:38:40","date_gmt":"2022-03-16T11:38:40","guid":{"rendered":"https:\/\/www.ra-vsz.hr\/?p=7489"},"modified":"2023-01-30T19:34:33","modified_gmt":"2023-01-30T19:34:33","slug":"poziv-na-razgovor-kandidata-za-radno-mjesto-projektnog-asistenta-u-odjelu-za-pripremu-programa-i-projekata","status":"publish","type":"post","link":"https:\/\/www.ra-vsz.hr\/en\/poziv-na-razgovor-kandidata-za-radno-mjesto-projektnog-asistenta-u-odjelu-za-pripremu-programa-i-projekata\/","title":{"rendered":"Poziv na razgovor kandidata za radno mjesto PROJEKTNOG ASISTENTA u Odjelu za pripremu programa i projekata"},"content":{"rendered":"<p>KLASA: 112-01\/22-03\/02<\/p>\n<p>URBROJ: 2196-100-05\/3-22-42<\/p>\n<p>Vinkovci, 16. o\u017eujak 2022. godine<\/p>\n<p><strong>\u00a0<\/strong><\/p>\n<p><strong>\u00a0<\/strong><\/p>\n<p><strong>\u00a0<\/strong><\/p>\n<p style=\"text-align: center;\">Poziv na razgovor kandidata za radno mjesto<strong> PROJEKTNOG ASISTENTA <\/strong>u Odjelu za <strong>pripremu <\/strong>programa i projekata u Razvojnoj agenciji\u00a0 Vukovarsko-srijemske \u017eupanije<\/p>\n<p><strong>\u00a0<\/strong><\/p>\n<p>Sukladno pozivu na pisano testiranje kandidata za radno mjesto <strong>PROJEKTNOG ASISTENTA <\/strong>u Odjelu za <strong>pripremu <\/strong>programa i projekata u Razvojnoj agenciji\u00a0 Vukovarsko-srijemske \u017eupanije od 7. o\u017eujka 2022. godine, KLASA: 112-01\/22-03\/02 URBROJ: 2196-100-05\/3-22-41, na usmeni dio, razgovor pozivaju se:<\/p>\n<ol>\n<li>Zrinka Mati\u0107<\/li>\n<li>Branimir Luka\u010devi\u0107<\/li>\n<li>Mislav Tomi\u0107<\/li>\n<li>Nikolina Franji\u0107 Kova\u010devi\u0107<\/li>\n<li>Dajana Brala<\/li>\n<\/ol>\n<p>Usmeni dio, razgovor \u0107e se odr\u017eati <strong>u \u010detvrtak, 17. o\u017eujka 2022. \u00a0godine u 08:30 sati,<\/strong> u prostorijama Razvojne agencije Vukovarsko-srijemske \u017eupanije, Antuna Ak\u0161amovi\u0107a 31, Vinkovci.<\/p>\n<p style=\"text-align: right;\">\u00a0\u00a0\u00a0\u00a0\u00a0\u00a0\u00a0\u00a0\u00a0\u00a0\u00a0\u00a0\u00a0\u00a0\u00a0\u00a0\u00a0\u00a0\u00a0\u00a0\u00a0\u00a0\u00a0\u00a0\u00a0\u00a0\u00a0\u00a0\u00a0\u00a0\u00a0\u00a0\u00a0\u00a0\u00a0\u00a0\u00a0\u00a0\u00a0\u00a0\u00a0\u00a0\u00a0\u00a0\u00a0\u00a0\u00a0\u00a0\u00a0\u00a0\u00a0\u00a0\u00a0\u00a0\u00a0\u00a0\u00a0\u00a0\u00a0\u00a0\u00a0\u00a0\u00a0\u00a0\u00a0\u00a0\u00a0\u00a0\u00a0\u00a0\u00a0\u00a0\u00a0\u00a0\u00a0\u00a0\u00a0\u00a0\u00a0\u00a0\u00a0\u00a0\u00a0\u00a0\u00a0\u00a0\u00a0\u00a0\u00a0\u00a0\u00a0\u00a0\u00a0\u00a0\u00a0\u00a0\u00a0\u00a0\u00a0\u00a0\u00a0\u00a0\u00a0\u00a0\u00a0\u00a0\u00a0\u00a0\u00a0\u00a0\u00a0\u00a0\u00a0\u00a0\u00a0\u00a0\u00a0\u00a0\u00a0\u00a0\u00a0\u00a0\u00a0\u00a0\u00a0\u00a0\u00a0\u00a0\u00a0\u00a0\u00a0\u00a0\u00a0\u00a0\u00a0\u00a0\u00a0\u00a0\u00a0\u00a0\u00a0\u00a0\u00a0 Predsjednica povjerenstva<\/p>\n<p style=\"text-align: right;\">\u00a0\u00a0\u00a0\u00a0\u00a0\u00a0\u00a0\u00a0\u00a0\u00a0\u00a0\u00a0\u00a0\u00a0\u00a0\u00a0\u00a0\u00a0\u00a0\u00a0\u00a0\u00a0\u00a0\u00a0\u00a0\u00a0\u00a0\u00a0\u00a0\u00a0\u00a0\u00a0\u00a0\u00a0\u00a0\u00a0\u00a0\u00a0\u00a0\u00a0\u00a0\u00a0\u00a0\u00a0\u00a0\u00a0\u00a0\u00a0\u00a0\u00a0\u00a0\u00a0\u00a0\u00a0\u00a0\u00a0\u00a0\u00a0\u00a0\u00a0\u00a0\u00a0\u00a0\u00a0\u00a0\u00a0\u00a0\u00a0\u00a0\u00a0\u00a0\u00a0\u00a0\u00a0\u00a0\u00a0\u00a0\u00a0\u00a0\u00a0\u00a0\u00a0\u00a0\u00a0\u00a0\u00a0\u00a0\u00a0\u00a0\u00a0\u00a0\u00a0\u00a0\u00a0\u00a0\u00a0\u00a0\u00a0\u00a0\u00a0\u00a0\u00a0\u00a0\u00a0\u00a0 \u00a0\u00a0\u00a0\u00a0\u00a0\u00a0\u00a0\u00a0\u00a0\u00a0\u00a0\u00a0\u00a0\u00a0\u00a0\u00a0\u00a0\u00a0\u00a0\u00a0\u00a0\u00a0\u00a0\u00a0\u00a0\u00a0Vedrana D\u017eoi\u0107, dipl.oec.<\/p>","protected":false},"excerpt":{"rendered":"<p>KLASA: 112-01\/22-03\/02 URBROJ: 2196-100-05\/3-22-42 Vinkovci, 16. o\u017eujak 2022. godine \u00a0 \u00a0 \u00a0 Poziv na razgovor kandidata za radno mjesto PROJEKTNOG ASISTENTA u Odjelu za pripremu programa i projekata u Razvojnoj agenciji\u00a0 Vukovarsko-srijemske \u017eupanije \u00a0 Sukladno pozivu na pisano testiranje kandidata za radno mjesto PROJEKTNOG ASISTENTA u Odjelu za pripremu programa i projekata u Razvojnoj agenciji\u00a0 [&hellip;]<\/p>","protected":false},"author":2,"featured_media":1538,"comment_status":"closed","ping_status":"closed","sticky":false,"template":"","format":"standard","meta":{"_et_pb_use_builder":"","_et_pb_old_content":"","_et_gb_content_width":"","footnotes":""},"categories":[4],"tags":[],"class_list":["post-7489","post","type-post","status-publish","format-standard","has-post-thumbnail","hentry","category-vijesti"],"_links":{"self":[{"href":"https:\/\/www.ra-vsz.hr\/en\/wp-json\/wp\/v2\/posts\/7489","targetHints":{"allow":["GET"]}}],"collection":[{"href":"https:\/\/www.ra-vsz.hr\/en\/wp-json\/wp\/v2\/posts"}],"about":[{"href":"https:\/\/www.ra-vsz.hr\/en\/wp-json\/wp\/v2\/types\/post"}],"author":[{"embeddable":true,"href":"https:\/\/www.ra-vsz.hr\/en\/wp-json\/wp\/v2\/users\/2"}],"replies":[{"embeddable":true,"href":"https:\/\/www.ra-vsz.hr\/en\/wp-json\/wp\/v2\/comments?post=7489"}],"version-history":[{"count":1,"href":"https:\/\/www.ra-vsz.hr\/en\/wp-json\/wp\/v2\/posts\/7489\/revisions"}],"predecessor-version":[{"id":10940,"href":"https:\/\/www.ra-vsz.hr\/en\/wp-json\/wp\/v2\/posts\/7489\/revisions\/10940"}],"wp:featuredmedia":[{"embeddable":true,"href":"https:\/\/www.ra-vsz.hr\/en\/wp-json\/"}],"wp:attachment":[{"href":"https:\/\/www.ra-vsz.hr\/en\/wp-json\/wp\/v2\/media?parent=7489"}],"wp:term":[{"taxonomy":"category","embeddable":true,"href":"https:\/\/www.ra-vsz.hr\/en\/wp-json\/wp\/v2\/categories?post=7489"},{"taxonomy":"post_tag","embeddable":true,"href":"https:\/\/www.ra-vsz.hr\/en\/wp-json\/wp\/v2\/tags?post=7489"}],"curies":[{"name":"wp","href":"https:\/\/api.w.org\/{rel}","templated":true}]}}