{"id":7483,"date":"2022-03-16T11:52:19","date_gmt":"2022-03-16T09:52:19","guid":{"rendered":"https:\/\/www.ra-vsz.hr\/?p=7483"},"modified":"2023-01-30T19:34:18","modified_gmt":"2023-01-30T19:34:18","slug":"poziv-na-pridruzivanje-misiji-prilagodbe-klimatskim-promjenama","status":"publish","type":"post","link":"https:\/\/www.ra-vsz.hr\/en\/poziv-na-pridruzivanje-misiji-prilagodbe-klimatskim-promjenama\/","title":{"rendered":"Poziv na pridru\u017eivanje Misiji prilagodbe klimatskim promjenama"},"content":{"rendered":"<p>Komisija je uputila <strong>poziv regijama i zajednicama EU-a<\/strong> za pridru\u017eivanje <strong>EU Misiji za prilagodbu klimatskim promjenama<\/strong>. Regijama i zajednicama sada je dostupno <a href=\"https:\/\/ec.europa.eu\/eusurvey\/runner\/MissionAdaptationRegions2022\" target=\"_blank\" rel=\"noopener\">istra\u017eivanje<\/a> kako bi izrazile interes za pristupanje <strong>Misiji<\/strong>. Nakon analize odgovora na anketu, regije i zajednice koje poka\u017eu predanost prilagodbi bit \u0107e pozvane potpisati <a href=\"https:\/\/ec.europa.eu\/info\/research-and-innovation\/funding\/funding-opportunities\/funding-programmes-and-open-calls\/horizon-europe\/eu-missions-horizon-europe\/adaptation-climate-change-including-societal-transformation_en#documents\" target=\"_blank\" rel=\"noopener\">Povelju o misiji<\/a>.<\/p>\n<p>Cilj Misije je pru\u017eiti potporu za 150 regija i zajednica kako bi se ubrzala njihova transformacija prema otpornosti na klimatske promjene poma\u017eu\u0107i im u razumijevanju rizika uzrokovanih klimom, pripremi za njih i upravljaju njima. Pridru\u017eivanje misiji stavit \u0107e regije i zajednice na \u010delo inovacija u tranziciji Europe kako bi postala otporniji kontinent.<\/p>\n<p>Potpisivanjem <a href=\"https:\/\/ec.europa.eu\/info\/research-and-innovation\/funding\/funding-opportunities\/funding-programmes-and-open-calls\/horizon-europe\/eu-missions-horizon-europe\/adaptation-climate-change-including-societal-transformation_en#documents\" target=\"_blank\" rel=\"noopener\">Povelje<\/a> i na\u010dela <strong>EU Misije za prilagodbu klimatskim promjenama<\/strong> regije i zajednice postat \u0107e dio zajednice prakse u podru\u010dju prilagodbe klimatskim promjenama te \u0107e imati priliku umre\u017eavati se i dijeliti iskustva s drugim regijama i zajednicama u Europi.<\/p>\n<p>Potpisnici \u0107e tako\u0111er imati\u00a0<strong>pristup<\/strong>\u00a0uslugama\u00a0<strong>platforme za provedbu misija<\/strong>, koja \u0107e biti u funkciji po\u010detkom 2023. One \u0107e se sastojati od:<\/p>\n<ul>\n<li>pomo\u0107i u pristupu znanju i metodama o procjenama klimatskih rizika<\/li>\n<li>pristupa primjerima najbolje prakse iz drugih regija i informacijama o najnovijim rezultatima istra\u017eivanja<\/li>\n<li>podr\u0161ke u povezivanju tih primjera i rezultata istra\u017eivanja s lokalnim planovima prilagodbe, planovima ili putevima prilagodbe<\/li>\n<li>pristupa alatima, primjerima i najboljim praksama za interakciju i suradnju s gra\u0111anima<\/li>\n<li>savjeta o mogu\u0107im javnim i privatnim izvorima financiranja za prilagodbu.<\/li>\n<\/ul>\n<p><a href=\"https:\/\/ec.europa.eu\/eusurvey\/runner\/MissionAdaptationRegions2022\" target=\"_blank\" rel=\"noopener\">Istra\u017eivanje<\/a> ima za cilj procijeniti interes regija i zajednica za pridru\u017eivanje <strong>Misiji prilagodbe klimatskim promjenama <\/strong>potpisivanjem Povelje o misiji. Njime se tako\u0111er nastoje razumjeti klju\u010dna pitanja i izazovi s kojima se suo\u010davaju lokalne i regionalne vlasti u EU-u u prilagodbi u\u010dincima klimatskih promjena.<\/p>\n<p>Tajni\u0161tvo Misije ocijenit \u0107e predanost regija i zajednica putem dostavljenih odgovora i dokaza. Na temelju toga regije i zajednice bit \u0107e pozvane na potpisivanje <strong>Povelje o misiji<\/strong>. Od predstavnika regionalnih i lokalnih vlasti tra\u017eit \u0107e se da potpi\u0161u Povelju o misiji u ime svojih tijela.<\/p>\n<p>Sudjelovanje u anketi otvoreno je i nenatjecateljski. Sve zaprimljene prijave ocjenjivat \u0107e se u skladu s tim.<\/p>\n<p><a href=\"https:\/\/ec.europa.eu\/clima\/news-your-voice\/news\/commission-invites-regions-and-communities-join-mission-adaptation-climate-change-2022-03-14_en\" target=\"_blank\" rel=\"noopener\">Vi\u0161e informacija<\/a><\/p>","protected":false},"excerpt":{"rendered":"<p>Komisija je uputila poziv regijama i zajednicama EU-a za pridru\u017eivanje EU Misiji za prilagodbu klimatskim promjenama. Regijama i zajednicama sada je dostupno istra\u017eivanje kako bi izrazile interes za pristupanje Misiji. Nakon analize odgovora na anketu, regije i zajednice koje poka\u017eu predanost prilagodbi bit \u0107e pozvane potpisati Povelju o misiji. Cilj Misije je pru\u017eiti potporu za [&hellip;]<\/p>","protected":false},"author":2,"featured_media":7484,"comment_status":"closed","ping_status":"closed","sticky":false,"template":"","format":"standard","meta":{"_et_pb_use_builder":"","_et_pb_old_content":"","_et_gb_content_width":"","footnotes":""},"categories":[4],"tags":[],"class_list":["post-7483","post","type-post","status-publish","format-standard","has-post-thumbnail","hentry","category-vijesti"],"_links":{"self":[{"href":"https:\/\/www.ra-vsz.hr\/en\/wp-json\/wp\/v2\/posts\/7483","targetHints":{"allow":["GET"]}}],"collection":[{"href":"https:\/\/www.ra-vsz.hr\/en\/wp-json\/wp\/v2\/posts"}],"about":[{"href":"https:\/\/www.ra-vsz.hr\/en\/wp-json\/wp\/v2\/types\/post"}],"author":[{"embeddable":true,"href":"https:\/\/www.ra-vsz.hr\/en\/wp-json\/wp\/v2\/users\/2"}],"replies":[{"embeddable":true,"href":"https:\/\/www.ra-vsz.hr\/en\/wp-json\/wp\/v2\/comments?post=7483"}],"version-history":[{"count":1,"href":"https:\/\/www.ra-vsz.hr\/en\/wp-json\/wp\/v2\/posts\/7483\/revisions"}],"predecessor-version":[{"id":10939,"href":"https:\/\/www.ra-vsz.hr\/en\/wp-json\/wp\/v2\/posts\/7483\/revisions\/10939"}],"wp:featuredmedia":[{"embeddable":true,"href":"https:\/\/www.ra-vsz.hr\/en\/wp-json\/"}],"wp:attachment":[{"href":"https:\/\/www.ra-vsz.hr\/en\/wp-json\/wp\/v2\/media?parent=7483"}],"wp:term":[{"taxonomy":"category","embeddable":true,"href":"https:\/\/www.ra-vsz.hr\/en\/wp-json\/wp\/v2\/categories?post=7483"},{"taxonomy":"post_tag","embeddable":true,"href":"https:\/\/www.ra-vsz.hr\/en\/wp-json\/wp\/v2\/tags?post=7483"}],"curies":[{"name":"wp","href":"https:\/\/api.w.org\/{rel}","templated":true}]}}