{"id":7463,"date":"2022-03-14T12:54:26","date_gmt":"2022-03-14T10:54:26","guid":{"rendered":"https:\/\/www.ra-vsz.hr\/?p=7463"},"modified":"2023-01-30T19:33:57","modified_gmt":"2023-01-30T19:33:57","slug":"odrzan-radni-sastanak-s-delegacijom-kantona-sredisnja-bosna","status":"publish","type":"post","link":"https:\/\/www.ra-vsz.hr\/en\/odrzan-radni-sastanak-s-delegacijom-kantona-sredisnja-bosna\/","title":{"rendered":"Odr\u017ean radni sastanak s delegacijom Kantona Sredi\u0161nja Bosna"},"content":{"rendered":"<p>\u017dupan Vukovarko-srijemske \u017eupanije Damir Dekani\u0107 odr\u017eao je u petak, 11. o\u017eujka 2022. godine u Vukovaru radni sastanak s delegacijom Federacije Bosne i Hercegovine, Kanton Sredi\u0161nja Bosna\/ Srednjobosanski Kanton.<\/p>\n<p>Na sastanku\u00a0 se razgovaralo o mogu\u0107nosti ostvarivanja zajedni\u010dkih projekata te prekograni\u010dne suradnje Kantona Sredi\u0161nja Bosna i Vukovarsko-srijemske \u017eupanije kao i o drugim pitanjima od obostranog interesa.<\/p>\n<p>Naglasak radnog sastanka bio je na gospodarskoj suradnji, a goste iz Bosne i Hercegovine najvi\u0161e je zanimao ba\u0161 segment prekograni\u010dne suradnje kroz projekte koji dolaze kroz slijede\u0107ih nekoliko mjeseci.<\/p>\n<ul>\n<li>Takvom suradnjom na\u0161im \u0107emo susjedima pomo\u0107i da do\u010dekaju spremni potencijalan ulazak u EU i sve Fondove koji \u0107e im se pri tome otvoriti jer iz iskustva znamo da je to izuzetno bitno kako bi u samom startu povukli \u0161to ve\u0107a sredstva \u2013 naglasio je \u017eupan Dekani\u0107.<\/li>\n<\/ul>\n<p>Ravnateljica Razvojne agencije Vukovarsko-srijemske \u017eupanije,\u00a0Zrinka \u010cobankovi\u0107, prezentirala je mogu\u0107nosti suradnje izme\u0111u Vukovarsko-srijemske \u017eupanije i Kantona Sredi\u0161nja Bosna te pri tome naglasila kako je trenutno aktualan otvoreni natje\u010daj kojeg je raspisalo Ministarstvo regionalnoga razvoja i fondova Europske unije \u010dija su tematska podru\u010dja dosta \u0161iroka te uklju\u010duju i obrazovanje, zdravstvo, kulturu i turizam.<\/p>\n<p>-Rije\u010d je o nacionalnim sredstvima i na tom podru\u010dju \u0107emo se poku\u0161ati animirati. Usto mi ve\u0107 imamo pojedine zahtjeve s podru\u010dja na\u0161e \u017dupanije za tra\u017eenjem potencijalnih partnera, stoga nam je ovo samo dobra prilika da pove\u017eemo na\u0161e op\u0107ine i gradove sa potencijalnim partnerima s druge strane\u00a0 &#8211; rekla je Z. \u010cobankovi\u0107.<\/p>\n<p>Dodala je i da je delegaciji predstavljen Intereg IPA prekograni\u010dni program \u201eHrvatska -BiH \u2013 Crna Gora\u201c koji se financira iz sredstava EU u slijede\u0107em fiskalnom razdoblju, a koji je trenutno u fazi programiranja.<\/p>\n<ul>\n<li>Rije\u010d je o programu vrijednom 17,6 milijuna eura, a natje\u010daj se o\u010dekuje u rujnu \u2013 pojasnila je.<\/li>\n<\/ul>\n<p>Presjedatelj Sabora Kantona Sredi\u0161nja Bosna,\u00a0Josip Kvasina, rekao je kako im je prvenstvena agenda ovog posjeta i sastanka bila da se upoznaju sa mogu\u0107nostima prekograni\u010dne suradnje kada su u pitanju projekti koji \u0107e i\u0107i iz sredstava EU.<\/p>\n<ul>\n<li>Posebno smo zainteresirani za natje\u010daj koji ide u rujnu, a znamo da Hrvatska ima iskustva iz svoje predpristupne faze \u2013 poru\u010dio je Kvasina.<\/li>\n<\/ul>\n<p>Na sastanku ispred Razvojne agencije Vukovarsko-srijemske \u017eupanije, uz ravnateljicu Zrinku \u010cobankovi\u0107, sudjelovala je i Marija Devi\u0107, zamjenica ravnateljice.<\/p>\n<p>Izvor: <a href=\"https:\/\/www.vusz.hr\/\" target=\"_blank\" rel=\"noopener\">vusz.hr<\/a><\/p>","protected":false},"excerpt":{"rendered":"<p>\u017dupan Vukovarko-srijemske \u017eupanije Damir Dekani\u0107 odr\u017eao je u petak, 11. o\u017eujka 2022. godine u Vukovaru radni sastanak s delegacijom Federacije Bosne i Hercegovine, Kanton Sredi\u0161nja Bosna\/ Srednjobosanski Kanton. Na sastanku\u00a0 se razgovaralo o mogu\u0107nosti ostvarivanja zajedni\u010dkih projekata te prekograni\u010dne suradnje Kantona Sredi\u0161nja Bosna i Vukovarsko-srijemske \u017eupanije kao i o drugim pitanjima od obostranog interesa. Naglasak [&hellip;]<\/p>","protected":false},"author":2,"featured_media":7464,"comment_status":"closed","ping_status":"closed","sticky":false,"template":"","format":"standard","meta":{"_et_pb_use_builder":"","_et_pb_old_content":"","_et_gb_content_width":"","footnotes":""},"categories":[4],"tags":[],"class_list":["post-7463","post","type-post","status-publish","format-standard","has-post-thumbnail","hentry","category-vijesti"],"_links":{"self":[{"href":"https:\/\/www.ra-vsz.hr\/en\/wp-json\/wp\/v2\/posts\/7463","targetHints":{"allow":["GET"]}}],"collection":[{"href":"https:\/\/www.ra-vsz.hr\/en\/wp-json\/wp\/v2\/posts"}],"about":[{"href":"https:\/\/www.ra-vsz.hr\/en\/wp-json\/wp\/v2\/types\/post"}],"author":[{"embeddable":true,"href":"https:\/\/www.ra-vsz.hr\/en\/wp-json\/wp\/v2\/users\/2"}],"replies":[{"embeddable":true,"href":"https:\/\/www.ra-vsz.hr\/en\/wp-json\/wp\/v2\/comments?post=7463"}],"version-history":[{"count":1,"href":"https:\/\/www.ra-vsz.hr\/en\/wp-json\/wp\/v2\/posts\/7463\/revisions"}],"predecessor-version":[{"id":10937,"href":"https:\/\/www.ra-vsz.hr\/en\/wp-json\/wp\/v2\/posts\/7463\/revisions\/10937"}],"wp:featuredmedia":[{"embeddable":true,"href":"https:\/\/www.ra-vsz.hr\/en\/wp-json\/"}],"wp:attachment":[{"href":"https:\/\/www.ra-vsz.hr\/en\/wp-json\/wp\/v2\/media?parent=7463"}],"wp:term":[{"taxonomy":"category","embeddable":true,"href":"https:\/\/www.ra-vsz.hr\/en\/wp-json\/wp\/v2\/categories?post=7463"},{"taxonomy":"post_tag","embeddable":true,"href":"https:\/\/www.ra-vsz.hr\/en\/wp-json\/wp\/v2\/tags?post=7463"}],"curies":[{"name":"wp","href":"https:\/\/api.w.org\/{rel}","templated":true}]}}