{"id":7421,"date":"2022-03-10T15:33:33","date_gmt":"2022-03-10T13:33:33","guid":{"rendered":"https:\/\/www.ra-vsz.hr\/?p=7421"},"modified":"2023-01-30T19:33:00","modified_gmt":"2023-01-30T19:33:00","slug":"poziv-digital-2022-trening-02-kratki-tecajevi-kratkorocni-tecajevi-osposobljavanja-u-kljucnim-podrucjima-kapaciteta","status":"publish","type":"post","link":"https:\/\/www.ra-vsz.hr\/en\/poziv-digital-2022-trening-02-kratki-tecajevi-kratkorocni-tecajevi-osposobljavanja-u-kljucnim-podrucjima-kapaciteta\/","title":{"rendered":"Poziv &#8211; DIGITAL-2022-TRENING-02-KRATKI TE\u010cAJEVI- Kratkoro\u010dni te\u010dajevi osposobljavanja u klju\u010dnim podru\u010djima kapaciteta"},"content":{"rendered":"<p>Objavljen je <strong>Poziv &#8211; DIGITAL-2022-TRENING-02-KRATKI TE\u010cAJEVI- Kratkoro\u010dni te\u010dajevi osposobljavanja u klju\u010dnim podru\u010djima kapaciteta<\/strong>.<\/p>\n<p>Cilj ove akcije je podr\u017eati razvoj naprednih digitalnih vje\u0161tina ljudi u radnoj snazi, s naglaskom na mala i srednja poduze\u0107a, omogu\u0107avanjem pristupa visokokvalitetnim specijaliziranim te\u010dajevima osposobljavanja koji odra\u017eavaju najnovija dostignu\u0107a u klju\u010dnim podru\u010djima kao \u0161to su kiberneti\u010dka sigurnost, AI, oblak ili mikroelektronika.<\/p>\n<p>Vlasnici, menad\u017eeri i zaposlenici malih i srednjih poduze\u0107a imat \u0107e mogu\u0107nost poha\u0111anja visoke klase digitalne obuke koju si ve\u0107e tvrtke mogu lak\u0161e priu\u0161titi. Ova akcija pridonosi provedbi strategije MSP-a za odr\u017eivu i digitalnu Europu, potpori razvoju digitalnih te\u010dajeva za zaposlenike malih i srednjih poduze\u0107a. U kona\u010dnici ova akcija \u0107e doprinijeti pove\u0107anju broja ljudi koji to mogu dizajnirati, razvijati i implementirati digitalna rje\u0161enja u gospodarstvu i me\u0111u sektorima.<\/p>\n<p>Odabrani projekti \u0107e osmisliti i provesti kratkoro\u010dne te\u010dajeve osposobljavanja za dokvalifikaciju i prekvalifikaciju radne snage, s posebnim naglaskom na vlasnike, menad\u017eere i zaposlenike malih i srednjih poduze\u0107a. Te\u010dajevi moraju biti prakti\u010dni i pru\u017eiti specifi\u010dno znanje o klju\u010dnim digitalnim tehnologijama i njihovim primjenama. Te\u010dajevi mogu imati razli\u010ditu duljinu, od nekoliko dana do 6 mjeseci maksimum. Financijska sredstva osigurat \u0107e se konzorcijima pru\u017eatelja usluga obrazovanja i osposobljavanja u suradnji s relevantnim dionicima sa stru\u010dnim znanjem u obuhva\u0107enom digitalnom podru\u010dju.<\/p>\n<p><strong>Prihvatljivi prijavitelji<\/strong> su pravne osobe (javna ili privatna tijela) osnovana u jednoj od prihvatljivih zemalja (sukladno predmetnom programu).<\/p>\n<p><strong>Ukupni prora\u010dun<\/strong> iznosi 25.000.000 eura (maksimalni iznos bespovratnih sredstava po projektu je 3.000.000 eura)<\/p>\n<p><strong>Rok za prijavu<\/strong> je 17. svibnja 2022. godine.<\/p>\n<p><a href=\"https:\/\/ec.europa.eu\/info\/funding-tenders\/opportunities\/docs\/2021-2027\/digital\/wp-call\/2022\/call-fiche_digital-2022-training-02_en.pdf\" target=\"_blank\" rel=\"noopener\">Dokument o pozivu<\/a><\/p>\n<p><a href=\"https:\/\/ec.europa.eu\/info\/funding-tenders\/opportunities\/portal\/screen\/opportunities\/topic-details\/digital-2022-training-02-short-courses\" target=\"_blank\" rel=\"noopener\">Slu\u017ebeni poziv<\/a><\/p>","protected":false},"excerpt":{"rendered":"<p>Objavljen je Poziv &#8211; DIGITAL-2022-TRENING-02-KRATKI TE\u010cAJEVI- Kratkoro\u010dni te\u010dajevi osposobljavanja u klju\u010dnim podru\u010djima kapaciteta. Cilj ove akcije je podr\u017eati razvoj naprednih digitalnih vje\u0161tina ljudi u radnoj snazi, s naglaskom na mala i srednja poduze\u0107a, omogu\u0107avanjem pristupa visokokvalitetnim specijaliziranim te\u010dajevima osposobljavanja koji odra\u017eavaju najnovija dostignu\u0107a u klju\u010dnim podru\u010djima kao \u0161to su kiberneti\u010dka sigurnost, AI, oblak ili mikroelektronika. [&hellip;]<\/p>","protected":false},"author":2,"featured_media":7422,"comment_status":"closed","ping_status":"closed","sticky":false,"template":"","format":"standard","meta":{"_et_pb_use_builder":"","_et_pb_old_content":"","_et_gb_content_width":"","footnotes":""},"categories":[4],"tags":[],"class_list":["post-7421","post","type-post","status-publish","format-standard","has-post-thumbnail","hentry","category-vijesti"],"_links":{"self":[{"href":"https:\/\/www.ra-vsz.hr\/en\/wp-json\/wp\/v2\/posts\/7421","targetHints":{"allow":["GET"]}}],"collection":[{"href":"https:\/\/www.ra-vsz.hr\/en\/wp-json\/wp\/v2\/posts"}],"about":[{"href":"https:\/\/www.ra-vsz.hr\/en\/wp-json\/wp\/v2\/types\/post"}],"author":[{"embeddable":true,"href":"https:\/\/www.ra-vsz.hr\/en\/wp-json\/wp\/v2\/users\/2"}],"replies":[{"embeddable":true,"href":"https:\/\/www.ra-vsz.hr\/en\/wp-json\/wp\/v2\/comments?post=7421"}],"version-history":[{"count":1,"href":"https:\/\/www.ra-vsz.hr\/en\/wp-json\/wp\/v2\/posts\/7421\/revisions"}],"predecessor-version":[{"id":10932,"href":"https:\/\/www.ra-vsz.hr\/en\/wp-json\/wp\/v2\/posts\/7421\/revisions\/10932"}],"wp:featuredmedia":[{"embeddable":true,"href":"https:\/\/www.ra-vsz.hr\/en\/wp-json\/"}],"wp:attachment":[{"href":"https:\/\/www.ra-vsz.hr\/en\/wp-json\/wp\/v2\/media?parent=7421"}],"wp:term":[{"taxonomy":"category","embeddable":true,"href":"https:\/\/www.ra-vsz.hr\/en\/wp-json\/wp\/v2\/categories?post=7421"},{"taxonomy":"post_tag","embeddable":true,"href":"https:\/\/www.ra-vsz.hr\/en\/wp-json\/wp\/v2\/tags?post=7421"}],"curies":[{"name":"wp","href":"https:\/\/api.w.org\/{rel}","templated":true}]}}