{"id":7408,"date":"2022-03-09T15:53:19","date_gmt":"2022-03-09T13:53:19","guid":{"rendered":"https:\/\/www.ra-vsz.hr\/?p=7408"},"modified":"2023-01-30T19:32:36","modified_gmt":"2023-01-30T19:32:36","slug":"poziv-mladima-za-suradnju-s-europskim-centrima-za-mlade-u-strasbourgu-i-budimpesti-studijske-sesije-1-semestar-2023","status":"publish","type":"post","link":"https:\/\/www.ra-vsz.hr\/en\/poziv-mladima-za-suradnju-s-europskim-centrima-za-mlade-u-strasbourgu-i-budimpesti-studijske-sesije-1-semestar-2023\/","title":{"rendered":"Poziv mladima za suradnju s Europskim centrima za mlade u Strasbourgu i Budimpe\u0161ti (studijske sesije, 1. semestar 2023.)"},"content":{"rendered":"<p>Odjel za mlade Vije\u0107a Europe poziva nevladine organizacije mladih, mre\u017ee i druge nevladine strukture uklju\u010dene u podru\u010dja rada s mladima relevantna za politiku Vije\u0107a Europe za mlade da podnesu prijave za aktivnosti koje \u0107e se odr\u017eavati u suradnji s Europskim centrima za mlade u Strasbourgu i Budimpe\u0161ti ( studijske sesije, 1. semestar 2023.).<\/p>\n<p>Rije\u010d je o me\u0111unarodnim doga\u0111ajima za mlade u trajanju od 4 do 8 dana koja okupljaju \u010dlanove organizacija ili mre\u017ea mladih i stru\u010dnjake za rasprave o specifi\u010dnoj temi relevantnoj za prioritete 2022.-2023. sektora mladih Vije\u0107a Europe.<\/p>\n<p>Vi\u0161e o Pozivu mo\u017eete pro\u010ditati\u00a0<a href=\"https:\/\/www.coe.int\/en\/web\/youth\/calls-for-participants\/-\/asset_publisher\/4fpQap76X0K5\/content\/call-for-activities-to-be-held-in-co-operation-with-the-european-youth-centres-in-strasbourg-and-budapest-1st-semester-2023?_101_INSTANCE_4fpQap76X0K5_viewMode=view\/\" target=\"_blank\" rel=\"noopener\"><strong>ovdje.<\/strong><\/a><\/p>","protected":false},"excerpt":{"rendered":"<p>Odjel za mlade Vije\u0107a Europe poziva nevladine organizacije mladih, mre\u017ee i druge nevladine strukture uklju\u010dene u podru\u010dja rada s mladima relevantna za politiku Vije\u0107a Europe za mlade da podnesu prijave za aktivnosti koje \u0107e se odr\u017eavati u suradnji s Europskim centrima za mlade u Strasbourgu i Budimpe\u0161ti ( studijske sesije, 1. semestar 2023.). Rije\u010d je [&hellip;]<\/p>","protected":false},"author":2,"featured_media":7410,"comment_status":"closed","ping_status":"closed","sticky":false,"template":"","format":"standard","meta":{"_et_pb_use_builder":"","_et_pb_old_content":"","_et_gb_content_width":"","footnotes":""},"categories":[4],"tags":[],"class_list":["post-7408","post","type-post","status-publish","format-standard","has-post-thumbnail","hentry","category-vijesti"],"_links":{"self":[{"href":"https:\/\/www.ra-vsz.hr\/en\/wp-json\/wp\/v2\/posts\/7408","targetHints":{"allow":["GET"]}}],"collection":[{"href":"https:\/\/www.ra-vsz.hr\/en\/wp-json\/wp\/v2\/posts"}],"about":[{"href":"https:\/\/www.ra-vsz.hr\/en\/wp-json\/wp\/v2\/types\/post"}],"author":[{"embeddable":true,"href":"https:\/\/www.ra-vsz.hr\/en\/wp-json\/wp\/v2\/users\/2"}],"replies":[{"embeddable":true,"href":"https:\/\/www.ra-vsz.hr\/en\/wp-json\/wp\/v2\/comments?post=7408"}],"version-history":[{"count":1,"href":"https:\/\/www.ra-vsz.hr\/en\/wp-json\/wp\/v2\/posts\/7408\/revisions"}],"predecessor-version":[{"id":10930,"href":"https:\/\/www.ra-vsz.hr\/en\/wp-json\/wp\/v2\/posts\/7408\/revisions\/10930"}],"wp:featuredmedia":[{"embeddable":true,"href":"https:\/\/www.ra-vsz.hr\/en\/wp-json\/"}],"wp:attachment":[{"href":"https:\/\/www.ra-vsz.hr\/en\/wp-json\/wp\/v2\/media?parent=7408"}],"wp:term":[{"taxonomy":"category","embeddable":true,"href":"https:\/\/www.ra-vsz.hr\/en\/wp-json\/wp\/v2\/categories?post=7408"},{"taxonomy":"post_tag","embeddable":true,"href":"https:\/\/www.ra-vsz.hr\/en\/wp-json\/wp\/v2\/tags?post=7408"}],"curies":[{"name":"wp","href":"https:\/\/api.w.org\/{rel}","templated":true}]}}