{"id":7339,"date":"2022-03-07T11:50:22","date_gmt":"2022-03-07T09:50:22","guid":{"rendered":"https:\/\/www.ra-vsz.hr\/?p=7339"},"modified":"2023-01-30T19:31:00","modified_gmt":"2023-01-30T19:31:00","slug":"poziv-na-pisano-testiranje-kandidata-za-radno-mjesto-viseg-voditelja-projekta-u-odjelu-za-provedbu-programa-i-projekata","status":"publish","type":"post","link":"https:\/\/www.ra-vsz.hr\/en\/poziv-na-pisano-testiranje-kandidata-za-radno-mjesto-viseg-voditelja-projekta-u-odjelu-za-provedbu-programa-i-projekata\/","title":{"rendered":"Poziv na pisano testiranje kandidata za radno mjesto VI\u0160EG VODITELJA PROJEKTA u Odjelu za provedbu programa i projekata"},"content":{"rendered":"<p>KLASA: 112-01\/22-03\/04<\/p>\n<p>URBROJ: 2196-100-05\/3-22-13<\/p>\n<p>U Vinkovcima, 7. o\u017eujka 2022. godine<\/p>\n<p style=\"text-align: center;\">Poziv na pisano testiranje kandidata za radno mjesto <strong>VI\u0160EG VODITELJA PROJEKTA <\/strong>u Odjelu za provedbu programa i projekata u Razvojnoj agenciji\u00a0 Vukovarsko-srijemske \u017eupanije<\/p>\n<p>Uvidom u pristigle prijave na raspisani natje\u010daj za radno mjesto <strong>vi\u0161eg voditelja projekata <\/strong>u Odjelu za provedbu programa i projekata u Razvojnoj agenciji\u00a0 Vukovarsko-srijemske \u017eupanije, objavljenog 17. velja\u010de 2022. godine, KLASA: 112-01\/22-03\/04; URBROJ: 2196-16-05\/3-22-1 na slu\u017ebenim stranicama Razvojne agencije Vukovarsko-srijemske \u017eupanije i Hrvatskog zavoda za zapo\u0161ljavanje, utvr\u0111eno je da su prijave sljede\u0107ih kandidata pravovremene, potpune te da ispunjavaju uvjete natje\u010daja:<\/p>\n<ol>\n<li>IVA \u0160ARI\u0106<\/li>\n<li>BRANIMIR LUKA\u010cEVI\u0106<\/li>\n<li>DALIBOR PATA\u010cI\u010c<\/li>\n<li>NIKA \u0160IPRAK WENDLING<\/li>\n<li>MARIJANA JUKI\u0106<\/li>\n<\/ol>\n<p>Ovim putem pozivamo gore navedene kandidate da pristupe pisanom testiranju koje \u0107e se odr\u017eati u <strong>utorak, 15. o\u017eujka 2022. godine\u00a0 <\/strong>u <strong>\u00a013:00 <\/strong>sati, <strong>u prostorijama Razvojne agencije Vukovarsko-srijemske \u017eupanije, Antuna Ak\u0161amovi\u0107a 31, Vinkovci.<\/strong><\/p>\n<p>Na testiranje je obavezno ponijeti va\u017ee\u0107u osobnu iskaznicu ili putovnicu.<\/p>\n<p><strong>Radi sprje\u010davanja \u0161irenja virusa COVID-19, prilikom ulaska u prostorije Razvojne agencije Vukovarsko-srijemske \u017eupanije OBVEZNO je no\u0161enje za\u0161titne maske.<\/strong><\/p>\n<p><strong>\u00a0<\/strong><\/p>\n<p>Podru\u010dja koja \u0107e se testirati su sljede\u0107a:<\/p>\n<ol>\n<li>Zakon o ustanovama (NN 76\/93, 29\/97, 47\/99, 35\/08, 127\/19)<\/li>\n<li>Zakon o regionalnom razvoju Republike Hrvatske (NN 147\/14, 123\/17, 118\/18)<\/li>\n<li>Zakon o sustavu strate\u0161kog planiranja i upravljanja razvojem Republike Hrvatske (NN 123\/17)<\/li>\n<li>Zakon o lokalnoj i podru\u010dnoj (regionalnoj) samoupravi (NN 33\/01, 60\/01, 129\/05, 109\/07, 125\/08, 36\/09, 150\/11, 144\/12, 19\/13, 137\/15, 123\/17, 98\/19, 144\/20)<\/li>\n<li>Poznavanje rada Razvojne agencije Vukovarsko-srijemske \u017eupanije (izvor: <a href=\"http:\/\/www.ra-vsz.hr\/en\/\">ra-vsz.hr<\/a>)<\/li>\n<li>Poznavanje fondova EU (izvor: <a href=\"http:\/\/www.strukturnifondovi.hr\" target=\"_blank\" rel=\"noopener\">strukturnifondovi.hr<\/a>)<\/li>\n<li>Priru\u010dnik za korisnike (izvor: <a href=\"https:\/\/www.safu.hr\/hr\/novosti\/novi-safu-prirucnik-za-korisnike-bespovratnih-sredstava-u-okviru-projekata-financiranih-iz-europskih-strukturnih-i-investicijskih-fondova-v-20\" target=\"_blank\" rel=\"noopener\">https:\/\/www.safu.hr\/hr\/novosti\/novi-safu-prirucnik-za-korisnike-bespovratnih-sredstava-u-okviru-projekata-financiranih-iz-europskih-strukturnih-i-investicijskih-fondova-v-20<\/a>)<\/li>\n<li>Poznavanje engleskog jezika<\/li>\n<\/ol>\n<p>Kandidat mora ostvariti minimalno 70% ukupnog broja bodova na pisanom dijelu testiranja da bi mogao pristupiti usmenom dijelu, razgovoru.<\/p>\n<p>Rezultati pisanog dijela testiranja kao i poziv za razgovor (usmeni dio) bit \u0107e objavljeni na web stranici Razvojne agencije Vukovarsko-srijemske \u017eupanije.<\/p>\n<p>Vrijeme predvi\u0111eno za testiranje je od 13:00 do 14:30 sati.<\/p>\n<p style=\"text-align: right;\">\u00a0\u00a0\u00a0\u00a0\u00a0\u00a0\u00a0\u00a0\u00a0\u00a0\u00a0\u00a0\u00a0\u00a0\u00a0\u00a0\u00a0\u00a0\u00a0\u00a0\u00a0\u00a0\u00a0\u00a0\u00a0\u00a0\u00a0\u00a0\u00a0\u00a0\u00a0\u00a0\u00a0\u00a0\u00a0\u00a0\u00a0\u00a0\u00a0\u00a0\u00a0\u00a0\u00a0\u00a0\u00a0\u00a0\u00a0\u00a0\u00a0\u00a0\u00a0\u00a0\u00a0\u00a0\u00a0\u00a0\u00a0\u00a0\u00a0\u00a0\u00a0\u00a0\u00a0\u00a0\u00a0\u00a0\u00a0\u00a0\u00a0\u00a0\u00a0\u00a0\u00a0\u00a0\u00a0\u00a0\u00a0\u00a0\u00a0\u00a0\u00a0\u00a0\u00a0\u00a0\u00a0\u00a0\u00a0\u00a0\u00a0\u00a0\u00a0\u00a0\u00a0\u00a0\u00a0\u00a0\u00a0\u00a0\u00a0\u00a0\u00a0\u00a0\u00a0\u00a0\u00a0\u00a0\u00a0\u00a0\u00a0\u00a0\u00a0\u00a0\u00a0\u00a0\u00a0\u00a0\u00a0\u00a0\u00a0\u00a0\u00a0\u00a0\u00a0\u00a0\u00a0\u00a0\u00a0\u00a0\u00a0\u00a0\u00a0 Predsjednik povjerenstva<\/p>\n<p style=\"text-align: right;\">\u00a0\u00a0 \u00a0\u00a0\u00a0\u00a0\u00a0\u00a0\u00a0\u00a0\u00a0\u00a0\u00a0\u00a0\u00a0\u00a0\u00a0\u00a0\u00a0\u00a0\u00a0\u00a0\u00a0\u00a0\u00a0\u00a0\u00a0\u00a0\u00a0\u00a0\u00a0\u00a0\u00a0\u00a0\u00a0\u00a0\u00a0\u00a0\u00a0\u00a0\u00a0\u00a0\u00a0\u00a0\u00a0\u00a0\u00a0\u00a0\u00a0\u00a0\u00a0\u00a0\u00a0\u00a0\u00a0\u00a0\u00a0\u00a0\u00a0\u00a0\u00a0\u00a0\u00a0\u00a0\u00a0\u00a0\u00a0\u00a0\u00a0\u00a0\u00a0\u00a0\u00a0\u00a0\u00a0\u00a0\u00a0\u00a0\u00a0\u00a0\u00a0\u00a0\u00a0\u00a0\u00a0\u00a0\u00a0\u00a0\u00a0\u00a0\u00a0\u00a0\u00a0\u00a0\u00a0\u00a0\u00a0\u00a0\u00a0\u00a0\u00a0\u00a0\u00a0\u00a0\u00a0\u00a0\u00a0\u00a0\u00a0\u00a0\u00a0\u00a0\u00a0\u00a0\u00a0\u00a0\u00a0\u00a0\u00a0\u00a0\u00a0\u00a0\u00a0\u00a0\u00a0\u00a0\u00a0\u00a0\u00a0\u00a0\u00a0\u00a0Goran Koprivnjak, univ.spec.oec.<\/p>","protected":false},"excerpt":{"rendered":"<p>KLASA: 112-01\/22-03\/04 URBROJ: 2196-100-05\/3-22-13 U Vinkovcima, 7. o\u017eujka 2022. godine Poziv na pisano testiranje kandidata za radno mjesto VI\u0160EG VODITELJA PROJEKTA u Odjelu za provedbu programa i projekata u Razvojnoj agenciji\u00a0 Vukovarsko-srijemske \u017eupanije Uvidom u pristigle prijave na raspisani natje\u010daj za radno mjesto vi\u0161eg voditelja projekata u Odjelu za provedbu programa i projekata u Razvojnoj [&hellip;]<\/p>","protected":false},"author":2,"featured_media":4327,"comment_status":"closed","ping_status":"closed","sticky":false,"template":"","format":"standard","meta":{"_et_pb_use_builder":"","_et_pb_old_content":"","_et_gb_content_width":"","footnotes":""},"categories":[4],"tags":[],"class_list":["post-7339","post","type-post","status-publish","format-standard","has-post-thumbnail","hentry","category-vijesti"],"_links":{"self":[{"href":"https:\/\/www.ra-vsz.hr\/en\/wp-json\/wp\/v2\/posts\/7339","targetHints":{"allow":["GET"]}}],"collection":[{"href":"https:\/\/www.ra-vsz.hr\/en\/wp-json\/wp\/v2\/posts"}],"about":[{"href":"https:\/\/www.ra-vsz.hr\/en\/wp-json\/wp\/v2\/types\/post"}],"author":[{"embeddable":true,"href":"https:\/\/www.ra-vsz.hr\/en\/wp-json\/wp\/v2\/users\/2"}],"replies":[{"embeddable":true,"href":"https:\/\/www.ra-vsz.hr\/en\/wp-json\/wp\/v2\/comments?post=7339"}],"version-history":[{"count":1,"href":"https:\/\/www.ra-vsz.hr\/en\/wp-json\/wp\/v2\/posts\/7339\/revisions"}],"predecessor-version":[{"id":10920,"href":"https:\/\/www.ra-vsz.hr\/en\/wp-json\/wp\/v2\/posts\/7339\/revisions\/10920"}],"wp:featuredmedia":[{"embeddable":true,"href":"https:\/\/www.ra-vsz.hr\/en\/wp-json\/"}],"wp:attachment":[{"href":"https:\/\/www.ra-vsz.hr\/en\/wp-json\/wp\/v2\/media?parent=7339"}],"wp:term":[{"taxonomy":"category","embeddable":true,"href":"https:\/\/www.ra-vsz.hr\/en\/wp-json\/wp\/v2\/categories?post=7339"},{"taxonomy":"post_tag","embeddable":true,"href":"https:\/\/www.ra-vsz.hr\/en\/wp-json\/wp\/v2\/tags?post=7339"}],"curies":[{"name":"wp","href":"https:\/\/api.w.org\/{rel}","templated":true}]}}