{"id":7317,"date":"2022-03-04T15:44:16","date_gmt":"2022-03-04T13:44:16","guid":{"rendered":"https:\/\/www.ra-vsz.hr\/?p=7317"},"modified":"2023-01-30T19:29:05","modified_gmt":"2023-01-30T19:29:05","slug":"festival-novi-europski-bauhaus-2022","status":"publish","type":"post","link":"https:\/\/www.ra-vsz.hr\/en\/festival-novi-europski-bauhaus-2022\/","title":{"rendered":"Festival Novi europski Bauhaus 2022."},"content":{"rendered":"<p>Europska komisija organizira prvo izdanje <strong>Festivala Novi europski Bauhaus<\/strong> od <strong>9. do 12. lipnja 2022. godine<\/strong>.<\/p>\n<p><strong>Novi europski Bauhaus<\/strong> (NEB) predstavlja ambiciju Europske unije (EU) u stvaranju lijepih i odr\u017eivih prostora, proizvoda i na\u010dina zajedni\u010dkog \u017eivota. Promi\u010de novi stil \u017eivota gdje odr\u017eivost odgovara stilu, ubrzavaju\u0107i tako zelenu tranziciju u cijelom na\u0161em gospodarstvu, od gradnje do namje\u0161taja i mode, kao i u drugim podru\u010djima na\u0161eg svakodnevnog \u017eivota i dru\u0161tva. Novi Europski Bauhaus unosi kulturnu i kreativnu dimenziju Europskom zelenom planu. Omogu\u0107ava iskoristiti prednosti ekolo\u0161ke tranzicije kroz opipljiva iskustva na lokalnoj razini.<\/p>\n<p><strong>Festival Novi europski Bauhaus sastoji se od tri stupa<\/strong>:<\/p>\n<ul>\n<li><strong>Forum<\/strong>: za razmjenu mi\u0161ljenja i raspravu o temama koje se odnose na Novi europski Bauhaus<\/li>\n<li><strong>Sajam<\/strong>: za izlaganje i prikazivanje projekata i prototipova koji odra\u017eavaju i podr\u017eavaju vrijednosti Novog europskog Bauhausa<\/li>\n<li><strong>Fest<\/strong>: trenutak slavlja koji spaja kulturu, umjetnost i dru\u017eenje, slavlje, slobodu izra\u017eavanja s radikalnim, inovativnim, disruptivnim idejama i vizijama.<\/li>\n<\/ul>\n<p>Izdanje Festivala 2022. bit \u0107e hibridni doga\u0111aj, a osnovne aktivnosti odvijat \u0107e se u Bruxellesu, s popratnim doga\u0111ajima diljem EU-a i \u0161ire. Mo\u017eete predlo\u017eiti svoj vlastiti doga\u0111aj u Bruxellesu ili u svom rodnom gradu ili mati\u010dnoj regiji i postati dio Festivala Novog europskog Bauhausa. Festival pru\u017ea priliku za \u0161irok krug zainteresiranih osoba, zajednica i organizacija za podijeliti svoje ideje koje doprinose Novom europskom Bauhausu i pove\u0107ati njihovu vidljivost i utjecaj.<\/p>\n<p>Va\u0161 doga\u0111aj trebao bi promovirati vrijednosti <strong>Novog europskog Bauhausa<\/strong> i razvoj lijepog i odr\u017eivog prostora i na\u010dina zajedni\u010dkog \u017eivota. Predlo\u017eeni doga\u0111aj mo\u017ee biti organiziran u Bruxellesu, diljem EU-a ili \u0161ire. Doga\u0111aj koji predla\u017eete trebao bi se preklapati uz aktivnosti Festivala (9.-12. lipnja 2022.).<\/p>\n<p><strong>Prihvatljivi prijavitelji<\/strong>: pojedinci ili organizacije koje su javno financirani projekti, javna organizacija, nevladina organizacija ili bilo koja druga neprofitna organizacija aktivna na lokalnom, regionalnoj, nacionalnoj, europskoj ili me\u0111unarodnoj razini.<\/p>\n<p>Prijave moraju biti dostavljene na engleskom, francuskom ili nizozemskom putem online platforme najkasnije do <strong>21. o\u017eujka 2022. godine<\/strong>.<\/p>\n<p><a href=\"https:\/\/apply.new-european-bauhaus-festival.eu\/\" target=\"_blank\" rel=\"noopener\">Online prijavnica<\/a><\/p>\n<p><a href=\"https:\/\/new-european-bauhaus-festival.eu\/docs\/factsheets\/EN-NEB_Festival_Guidelines_SIDE_EVENTS.pdf\" target=\"_blank\" rel=\"noopener\">Vi\u0161e informacija<\/a><\/p>","protected":false},"excerpt":{"rendered":"<p>Europska komisija organizira prvo izdanje Festivala Novi europski Bauhaus od 9. do 12. lipnja 2022. godine. Novi europski Bauhaus (NEB) predstavlja ambiciju Europske unije (EU) u stvaranju lijepih i odr\u017eivih prostora, proizvoda i na\u010dina zajedni\u010dkog \u017eivota. Promi\u010de novi stil \u017eivota gdje odr\u017eivost odgovara stilu, ubrzavaju\u0107i tako zelenu tranziciju u cijelom na\u0161em gospodarstvu, od gradnje do [&hellip;]<\/p>","protected":false},"author":2,"featured_media":7318,"comment_status":"closed","ping_status":"closed","sticky":false,"template":"","format":"standard","meta":{"_et_pb_use_builder":"","_et_pb_old_content":"","_et_gb_content_width":"","footnotes":""},"categories":[4],"tags":[],"class_list":["post-7317","post","type-post","status-publish","format-standard","has-post-thumbnail","hentry","category-vijesti"],"_links":{"self":[{"href":"https:\/\/www.ra-vsz.hr\/en\/wp-json\/wp\/v2\/posts\/7317","targetHints":{"allow":["GET"]}}],"collection":[{"href":"https:\/\/www.ra-vsz.hr\/en\/wp-json\/wp\/v2\/posts"}],"about":[{"href":"https:\/\/www.ra-vsz.hr\/en\/wp-json\/wp\/v2\/types\/post"}],"author":[{"embeddable":true,"href":"https:\/\/www.ra-vsz.hr\/en\/wp-json\/wp\/v2\/users\/2"}],"replies":[{"embeddable":true,"href":"https:\/\/www.ra-vsz.hr\/en\/wp-json\/wp\/v2\/comments?post=7317"}],"version-history":[{"count":1,"href":"https:\/\/www.ra-vsz.hr\/en\/wp-json\/wp\/v2\/posts\/7317\/revisions"}],"predecessor-version":[{"id":10916,"href":"https:\/\/www.ra-vsz.hr\/en\/wp-json\/wp\/v2\/posts\/7317\/revisions\/10916"}],"wp:featuredmedia":[{"embeddable":true,"href":"https:\/\/www.ra-vsz.hr\/en\/wp-json\/"}],"wp:attachment":[{"href":"https:\/\/www.ra-vsz.hr\/en\/wp-json\/wp\/v2\/media?parent=7317"}],"wp:term":[{"taxonomy":"category","embeddable":true,"href":"https:\/\/www.ra-vsz.hr\/en\/wp-json\/wp\/v2\/categories?post=7317"},{"taxonomy":"post_tag","embeddable":true,"href":"https:\/\/www.ra-vsz.hr\/en\/wp-json\/wp\/v2\/tags?post=7317"}],"curies":[{"name":"wp","href":"https:\/\/api.w.org\/{rel}","templated":true}]}}