{"id":7289,"date":"2022-03-03T15:47:47","date_gmt":"2022-03-03T13:47:47","guid":{"rendered":"https:\/\/www.ra-vsz.hr\/?p=7289"},"modified":"2023-01-30T19:28:05","modified_gmt":"2023-01-30T19:28:05","slug":"europska-komisija-ce-uloziti-292-milijuna-eura-u-digitalne-tehnologije-i-kiberneticku-sigurnost","status":"publish","type":"post","link":"https:\/\/www.ra-vsz.hr\/en\/europska-komisija-ce-uloziti-292-milijuna-eura-u-digitalne-tehnologije-i-kiberneticku-sigurnost\/","title":{"rendered":"Europska komisija \u0107e ulo\u017eiti 292 milijuna eura u digitalne tehnologije i kiberneti\u010dku sigurnost"},"content":{"rendered":"<p>Europska komisija je otvorila <strong>drugi skup poziva za podno\u0161enje prijedloga programa Digitalna Europa<\/strong>, koji slijedi nakon usvajanja programa rada i prvog niza poziva u studenom 2021. godine.<\/p>\n<p>Pozivi su otvoreni za poduze\u0107a, organizacije i javne uprave iz dr\u017eava \u010dlanica EU, zemalja EFTA\/EEA, kao i subjekte iz drugih zemalja pridru\u017eenih Programu.<\/p>\n<p>Ovim financiranjem bit \u0107e ulo\u017eeno vi\u0161e od 249 milijuna eura u nekoliko podru\u010dja: podatkovni prostori, europska blockchain infrastruktura, te\u010dajevi za napredne digitalne vje\u0161tine, digitalna rje\u0161enja za bolje dr\u017eavne usluge, projekti koji pilotiraju kori\u0161tenje umjetne inteligencije (AI) u borbi protiv kriminala, i objekti za testiranje umjetne inteligencije.<\/p>\n<p>Nadalje, ulaganje bespovratnih sredstava u vrijednosti od 43 milijuna eura podr\u017eat \u0107e kiberneti\u010dku sigurnost u zdravstvenom sektoru i uvo\u0111enje mre\u017ee centara za pomo\u0107 dr\u017eavama \u010dlanicama u provedbi relevantnog zakonodavstva EU-a o kiberneti\u010dkoj sigurnosti.<\/p>\n<p>Rok za ove pozive je <strong>17. svibnja 2022. godine.<\/strong><\/p>\n<p><a href=\"https:\/\/ec.europa.eu\/info\/funding-tenders\/opportunities\/portal\/screen\/programmes\/digital\" target=\"_blank\" rel=\"noopener\">Vi\u0161e informacija o prijavi za bespovratna sredstva u okviru ovog skupa poziva za dostavu prijedloga<\/a>.<\/p>\n<p>O\u010dekuje se da \u0107e daljnji pozivi u okviru Programa Digitalna Europa biti objavljeni u ljeto 2022.<\/p>","protected":false},"excerpt":{"rendered":"<p>Europska komisija je otvorila drugi skup poziva za podno\u0161enje prijedloga programa Digitalna Europa, koji slijedi nakon usvajanja programa rada i prvog niza poziva u studenom 2021. godine. Pozivi su otvoreni za poduze\u0107a, organizacije i javne uprave iz dr\u017eava \u010dlanica EU, zemalja EFTA\/EEA, kao i subjekte iz drugih zemalja pridru\u017eenih Programu. Ovim financiranjem bit \u0107e ulo\u017eeno [&hellip;]<\/p>","protected":false},"author":2,"featured_media":7290,"comment_status":"closed","ping_status":"closed","sticky":false,"template":"","format":"standard","meta":{"_et_pb_use_builder":"","_et_pb_old_content":"","_et_gb_content_width":"","footnotes":""},"categories":[4],"tags":[],"class_list":["post-7289","post","type-post","status-publish","format-standard","has-post-thumbnail","hentry","category-vijesti"],"_links":{"self":[{"href":"https:\/\/www.ra-vsz.hr\/en\/wp-json\/wp\/v2\/posts\/7289","targetHints":{"allow":["GET"]}}],"collection":[{"href":"https:\/\/www.ra-vsz.hr\/en\/wp-json\/wp\/v2\/posts"}],"about":[{"href":"https:\/\/www.ra-vsz.hr\/en\/wp-json\/wp\/v2\/types\/post"}],"author":[{"embeddable":true,"href":"https:\/\/www.ra-vsz.hr\/en\/wp-json\/wp\/v2\/users\/2"}],"replies":[{"embeddable":true,"href":"https:\/\/www.ra-vsz.hr\/en\/wp-json\/wp\/v2\/comments?post=7289"}],"version-history":[{"count":1,"href":"https:\/\/www.ra-vsz.hr\/en\/wp-json\/wp\/v2\/posts\/7289\/revisions"}],"predecessor-version":[{"id":10910,"href":"https:\/\/www.ra-vsz.hr\/en\/wp-json\/wp\/v2\/posts\/7289\/revisions\/10910"}],"wp:featuredmedia":[{"embeddable":true,"href":"https:\/\/www.ra-vsz.hr\/en\/wp-json\/"}],"wp:attachment":[{"href":"https:\/\/www.ra-vsz.hr\/en\/wp-json\/wp\/v2\/media?parent=7289"}],"wp:term":[{"taxonomy":"category","embeddable":true,"href":"https:\/\/www.ra-vsz.hr\/en\/wp-json\/wp\/v2\/categories?post=7289"},{"taxonomy":"post_tag","embeddable":true,"href":"https:\/\/www.ra-vsz.hr\/en\/wp-json\/wp\/v2\/tags?post=7289"}],"curies":[{"name":"wp","href":"https:\/\/api.w.org\/{rel}","templated":true}]}}