{"id":7268,"date":"2022-03-02T08:31:31","date_gmt":"2022-03-02T06:31:31","guid":{"rendered":"https:\/\/www.ra-vsz.hr\/?p=7268"},"modified":"2023-01-30T19:27:23","modified_gmt":"2023-01-30T19:27:23","slug":"poziv-za-organizacijsku-institucionalnu-podrsku","status":"publish","type":"post","link":"https:\/\/www.ra-vsz.hr\/en\/poziv-za-organizacijsku-institucionalnu-podrsku\/","title":{"rendered":"Poziv za organizacijsku (institucionalnu) podr\u0161ku"},"content":{"rendered":"<p data-wahfont=\"16\"><strong>Svrha Poziva<\/strong>\u00a0je strate\u0161ki podr\u017eati hrvatske OCD koje djeluju u najmanje jednom od dva programska podru\u010dja podr\u0161ke Fonda:<\/p>\n<ul data-wahfont=\"16\">\n<li>demokracija, aktivno gra\u0111anstvo, dobro upravljanje i transparentnost;<\/li>\n<li>ljudska prava i jednako postupanje kroz prevenciju diskriminacije na temelju rase ili etni\u010dkog podrijetla, religije ili uvjerenja, spola, roda, invaliditeta, dobi, seksualne orijentacije ili rodnog identiteta.<\/li>\n<\/ul>\n<p data-wahfont=\"16\">Poziv je usmjeren OCD-ima \u010dije temeljne djelatnosti i strate\u0161ki ciljevi doprinose postizanju jednog ili vi\u0161e u\u010dinaka Fonda.<\/p>\n<p data-wahfont=\"16\"><strong>Iznos financijske podr\u0161ke:\u00a0<\/strong>60.000 eura. Korisnik financijska sredstva organizacijske podr\u0161ke prima u pau\u0161alnom iznosu.<\/p>\n<p data-wahfont=\"16\"><strong>Raspolo\u017eivi iznos podr\u0161ki:\u00a0<\/strong>420.000 eura<\/p>\n<p data-wahfont=\"16\"><strong>Najvi\u0161a stopa bespovratne pomo\u0107i projekta:\u00a0<\/strong>100% ukupnih prihvatljivih tro\u0161kova projekta.<\/p>\n<p data-wahfont=\"16\"><strong>Trajanje provedbe projekta:<\/strong>\u00a020 mjeseci od 1. srpnja 2022. do 29. velja\u010de 2024. godine<\/p>\n<p data-wahfont=\"16\"><strong>Rok za podno\u0161enje projektnih prijedloga:\u00a0<\/strong>2. svibnja 2022. godine u 12 sati (podne po hrvatskom vremenu)<\/p>\n<p data-wahfont=\"16\"><strong>Svaki prijavitelj mo\u017ee prijaviti samo jedan projektni prijedlog na ovaj Poziv.<\/strong><\/p>\n<p data-wahfont=\"16\">U okviru ovog Poziva\u00a0<strong>partnerstvo nije dozvoljeno<\/strong>.<\/p>\n<p data-wahfont=\"16\">\n<p data-wahfont=\"16\">Vi\u0161e informacija na <strong><a href=\"https:\/\/acfcroatia.hr\/organizacijska-podrska\/\" target=\"_blank\" rel=\"noopener\">poveznici<\/a><\/strong>.<\/p>","protected":false},"excerpt":{"rendered":"<p>Svrha Poziva\u00a0je strate\u0161ki podr\u017eati hrvatske OCD koje djeluju u najmanje jednom od dva programska podru\u010dja podr\u0161ke Fonda: demokracija, aktivno gra\u0111anstvo, dobro upravljanje i transparentnost; ljudska prava i jednako postupanje kroz prevenciju diskriminacije na temelju rase ili etni\u010dkog podrijetla, religije ili uvjerenja, spola, roda, invaliditeta, dobi, seksualne orijentacije ili rodnog identiteta. Poziv je usmjeren OCD-ima \u010dije [&hellip;]<\/p>","protected":false},"author":2,"featured_media":7269,"comment_status":"closed","ping_status":"closed","sticky":false,"template":"","format":"standard","meta":{"_et_pb_use_builder":"","_et_pb_old_content":"","_et_gb_content_width":"","footnotes":""},"categories":[4],"tags":[],"class_list":["post-7268","post","type-post","status-publish","format-standard","has-post-thumbnail","hentry","category-vijesti"],"_links":{"self":[{"href":"https:\/\/www.ra-vsz.hr\/en\/wp-json\/wp\/v2\/posts\/7268","targetHints":{"allow":["GET"]}}],"collection":[{"href":"https:\/\/www.ra-vsz.hr\/en\/wp-json\/wp\/v2\/posts"}],"about":[{"href":"https:\/\/www.ra-vsz.hr\/en\/wp-json\/wp\/v2\/types\/post"}],"author":[{"embeddable":true,"href":"https:\/\/www.ra-vsz.hr\/en\/wp-json\/wp\/v2\/users\/2"}],"replies":[{"embeddable":true,"href":"https:\/\/www.ra-vsz.hr\/en\/wp-json\/wp\/v2\/comments?post=7268"}],"version-history":[{"count":1,"href":"https:\/\/www.ra-vsz.hr\/en\/wp-json\/wp\/v2\/posts\/7268\/revisions"}],"predecessor-version":[{"id":10906,"href":"https:\/\/www.ra-vsz.hr\/en\/wp-json\/wp\/v2\/posts\/7268\/revisions\/10906"}],"wp:featuredmedia":[{"embeddable":true,"href":"https:\/\/www.ra-vsz.hr\/en\/wp-json\/"}],"wp:attachment":[{"href":"https:\/\/www.ra-vsz.hr\/en\/wp-json\/wp\/v2\/media?parent=7268"}],"wp:term":[{"taxonomy":"category","embeddable":true,"href":"https:\/\/www.ra-vsz.hr\/en\/wp-json\/wp\/v2\/categories?post=7268"},{"taxonomy":"post_tag","embeddable":true,"href":"https:\/\/www.ra-vsz.hr\/en\/wp-json\/wp\/v2\/tags?post=7268"}],"curies":[{"name":"wp","href":"https:\/\/api.w.org\/{rel}","templated":true}]}}