{"id":7262,"date":"2022-03-01T13:43:23","date_gmt":"2022-03-01T11:43:23","guid":{"rendered":"https:\/\/www.ra-vsz.hr\/?p=7262"},"modified":"2023-01-30T19:27:06","modified_gmt":"2023-01-30T19:27:06","slug":"poziv-na-podnosenje-prijedloga-za-osposobljavanje-zdravstvene-radne-snage-ukljucujuci-digitalne-vjestine","status":"publish","type":"post","link":"https:\/\/www.ra-vsz.hr\/en\/poziv-na-podnosenje-prijedloga-za-osposobljavanje-zdravstvene-radne-snage-ukljucujuci-digitalne-vjestine\/","title":{"rendered":"Poziv na podno\u0161enje prijedloga za osposobljavanje zdravstvene radne snage, uklju\u010duju\u0107i digitalne vje\u0161tine"},"content":{"rendered":"<p>Objavljen je poziv na podno\u0161enje prijedloga za osposobljavanje zdravstvene radne snage, uklju\u010duju\u0107i digitalne vje\u0161tine (EU4H-2022-PJ-06), program EU4 zdravstveni program (EU4H).<\/p>\n<p>Pandemija COVID-19 pokazala je da postoje ogromne mogu\u0107nosti za u\u010denje jedni od drugih i va\u017enost dijeljenja znanja ili odr\u017eavanja vje\u0161tina za spa\u0161avanje \u017eivota i postizanje boljih zdravstvenih rezultata. Prave vje\u0161tine tako\u0111er su klju\u010dne za mobilizaciju resursa u kriznim situacijama. Osim toga, pristup stalnom stru\u010dnom osposobljavanju jedan je od glavnih motivatora za zdravstvene djelatnike, koji im pru\u017ea potrebne vje\u0161tine za spa\u0161avanje \u017eivota i pobolj\u0161anje zdravstvenih ishoda.<\/p>\n<p>Paket Europske zdravstvene unije stavlja poseban naglasak na pobolj\u0161anje otpornosti zdravstvenih sustava, a radna snaga je u sredi\u0161tu otpornijih zdravstvenih sustava. Zdravstveni sustavi u Uniji ne samo da su suo\u010deni s izazovom povezanim s nedostatkom osoblja, ve\u0107 tako\u0111er moraju rije\u0161iti neuskla\u0111enost izme\u0111u ponude i potra\u017enje vje\u0161tina.<\/p>\n<p>Cilj ovog poziva je rije\u0161iti nedostatke u pristupu kontinuiranom obrazovanju i osposobljavanju zdravstvenih djelatnika i pru\u017eiti vi\u0161e mogu\u0107nosti osposobljavanja za neklini\u010dko osoblje uklju\u010deno u planiranje, nabavu i upravljanje zdravstvenom skrbi. To \u0107e pridonijeti transformaciji zdravstvenih sustava, uklju\u010duju\u0107i digitalna zdravstvena rje\u0161enja.<\/p>\n<p><strong>Prihvatljivi prijavitelji<\/strong> su akademske i obrazovne ustanove, europska udruga zdravstvenih profesionalaca, sindikati, organizacije civilnog dru\u0161tva (udruge, zaklade, nevladine organizacije i dr.) i tijela dr\u017eava \u010dlanica.<\/p>\n<p><strong>Ukupni prora\u010dun<\/strong> iznosi 29.000.000 eura (najmanje 2 mil. EUR po projektu).<\/p>\n<p><strong>Rok za prijavu<\/strong> je 24. svibnja 2022. godine.<\/p>\n<p><a href=\"https:\/\/ec.europa.eu\/info\/funding-tenders\/opportunities\/docs\/2021-2027\/eu4h\/wp-call\/2022\/call-fiche_eu4h-2022-pj_en.pdf\" target=\"_blank\" rel=\"noopener\">Vi\u0161e informacija<\/a><\/p>\n<p><a href=\"https:\/\/ec.europa.eu\/info\/funding-tenders\/opportunities\/portal\/screen\/opportunities\/topic-details\/eu4h-2022-pj-06;callCode=EU4H-2022-PJ;freeTextSearchKeyword=;matchWholeText=true;typeCodes=1;statusCodes=31094501,31094502,31094503;programmePeriod=null;programCcm2Id=null;programDivisionCode=null;focusAreaCode=null;destination=null;mission=null;geographicalZonesCode=null;programmeDivisionProspect=null;startDateLte=null;startDateGte=null;crossCuttingPriorityCode=null;cpvCode=null;performanceOfDelivery=null;sortQuery=sortStatus;orderBy=asc;onlyTenders=false;topicListKey=callTopicSearchTableState\" target=\"_blank\" rel=\"noopener\">Slu\u017ebeni poziv<\/a><\/p>","protected":false},"excerpt":{"rendered":"<p>Objavljen je poziv na podno\u0161enje prijedloga za osposobljavanje zdravstvene radne snage, uklju\u010duju\u0107i digitalne vje\u0161tine (EU4H-2022-PJ-06), program EU4 zdravstveni program (EU4H). Pandemija COVID-19 pokazala je da postoje ogromne mogu\u0107nosti za u\u010denje jedni od drugih i va\u017enost dijeljenja znanja ili odr\u017eavanja vje\u0161tina za spa\u0161avanje \u017eivota i postizanje boljih zdravstvenih rezultata. Prave vje\u0161tine tako\u0111er su klju\u010dne za mobilizaciju [&hellip;]<\/p>","protected":false},"author":2,"featured_media":7263,"comment_status":"closed","ping_status":"closed","sticky":false,"template":"","format":"standard","meta":{"_et_pb_use_builder":"","_et_pb_old_content":"","_et_gb_content_width":"","footnotes":""},"categories":[4],"tags":[],"class_list":["post-7262","post","type-post","status-publish","format-standard","has-post-thumbnail","hentry","category-vijesti"],"_links":{"self":[{"href":"https:\/\/www.ra-vsz.hr\/en\/wp-json\/wp\/v2\/posts\/7262","targetHints":{"allow":["GET"]}}],"collection":[{"href":"https:\/\/www.ra-vsz.hr\/en\/wp-json\/wp\/v2\/posts"}],"about":[{"href":"https:\/\/www.ra-vsz.hr\/en\/wp-json\/wp\/v2\/types\/post"}],"author":[{"embeddable":true,"href":"https:\/\/www.ra-vsz.hr\/en\/wp-json\/wp\/v2\/users\/2"}],"replies":[{"embeddable":true,"href":"https:\/\/www.ra-vsz.hr\/en\/wp-json\/wp\/v2\/comments?post=7262"}],"version-history":[{"count":1,"href":"https:\/\/www.ra-vsz.hr\/en\/wp-json\/wp\/v2\/posts\/7262\/revisions"}],"predecessor-version":[{"id":10905,"href":"https:\/\/www.ra-vsz.hr\/en\/wp-json\/wp\/v2\/posts\/7262\/revisions\/10905"}],"wp:featuredmedia":[{"embeddable":true,"href":"https:\/\/www.ra-vsz.hr\/en\/wp-json\/"}],"wp:attachment":[{"href":"https:\/\/www.ra-vsz.hr\/en\/wp-json\/wp\/v2\/media?parent=7262"}],"wp:term":[{"taxonomy":"category","embeddable":true,"href":"https:\/\/www.ra-vsz.hr\/en\/wp-json\/wp\/v2\/categories?post=7262"},{"taxonomy":"post_tag","embeddable":true,"href":"https:\/\/www.ra-vsz.hr\/en\/wp-json\/wp\/v2\/tags?post=7262"}],"curies":[{"name":"wp","href":"https:\/\/api.w.org\/{rel}","templated":true}]}}