{"id":7222,"date":"2022-02-25T13:37:39","date_gmt":"2022-02-25T11:37:39","guid":{"rendered":"https:\/\/www.ra-vsz.hr\/?p=7222"},"modified":"2023-01-30T19:26:00","modified_gmt":"2023-01-30T19:26:00","slug":"na-sjednici-vlade-usvojen-program-razvoja-brdsko-planinskih-podrucja-i-program-odrzivog-drustvenog-i-gospodarskog-razvoja-potpomognutih-podrucja","status":"publish","type":"post","link":"https:\/\/www.ra-vsz.hr\/en\/na-sjednici-vlade-usvojen-program-razvoja-brdsko-planinskih-podrucja-i-program-odrzivog-drustvenog-i-gospodarskog-razvoja-potpomognutih-podrucja\/","title":{"rendered":"Na sjednici Vlade usvojen Program razvoja brdsko-planinskih podru\u010dja i Program odr\u017eivog dru\u0161tvenog i gospodarskog razvoja potpomognutih podru\u010dja"},"content":{"rendered":"<p>Na sjednici Vlade Republike Hrvatske usvojena je Odluka o dono\u0161enju Programa razvoja brdsko-planinskih podru\u010dja i Odluka o dono\u0161enju Programa odr\u017eivog dru\u0161tvenog i gospodarskog razvoja potpomognutih podru\u010dja.<\/p>\n<p>Tom prilikom, dr\u017eavna tajnica Ministarstva regionalnoga razvoja i fondova Europske unije Spomenka \u0110uri\u0107 kazala je kako Program razvoja brdsko-planinskih podru\u010dja za razdoblje od 2022. do 2025. godine predstavlja akt strate\u0161kog planiranja za \u010diju je provedbu nu\u017ena suradnja i podr\u0161ka svih tijela dr\u017eavne uprave koji u svojim aktivnostima doprinose razvoju brdsko-planinskih podru\u010dja.<\/p>\n<p>\u201eZa razvoj brdsko-planinskih podru\u010dja tim Programom definirana su tri klju\u010dna cilja\u201c, rekla je dr\u017eavna tajnica \u0110uri\u0107 i objasnila kako se radi o pove\u0107anju zaposlenosti, demografskoj revitalizaciji i ubla\u017eavanju specifi\u010dnih geomorfolo\u0161kih, klimatskih i prometnih ograni\u010denja.<\/p>\n<p>Dr\u017eavna tajnica \u0110uri\u0107 potom je Vladi predstavila Program odr\u017eivog dru\u0161tvenog i gospodarskog razvoja potpomognutih podru\u010dja za koji je predvi\u0111en iznos ve\u0107i od tri milijarde kuna, a iz kojeg proizlaze dva klju\u010dna cilja.<\/p>\n<p>\u201eRije\u010d je o pove\u0107anju zaposlenosti i dohotka i demografskoj revitalizaciji\u201c, rekla je dr\u017eavna tajnica \u0110uri\u0107 i dodala kako je za provedbu navedenih ciljeva predvi\u0111ena provedba sedam mjera.<\/p>\n<p>Uzimaju\u0107i u obzir izlo\u017eenost Hrvatske utjecajima klimatskih promjena, radit \u0107e se na provo\u0111enju javnih politika usmjerenih na o\u010duvanje bioraznolikosti i pove\u0107anje prirodnog kapitala, prostornih resursa, osna\u017eivanje niskouglji\u010dnog rasta i djelotvorno upravljanje resursima radi smanjivanja rizika za okoli\u0161 i pove\u0107anja otpornosti na klimatske promjene, te dekarbonizaciju energetskog sustava i obnovu zgrada u cilju postizanja energetske u\u010dinkovitosti.<\/p>\n<p>Kada je rije\u010d o demografskim ciljevima, Program omogu\u0107ava pove\u0107anje broja poduze\u0107a i OPG-ova, te broja zaposlenih po pojedinom poslovnom subjektu koji \u0107e inicirat pozitivne vi\u0161estruke u\u010dinke u lokalnim zajednicama u smislu pove\u0107ane produktivnosti, smanjenja fiksnih tro\u0161kova poslovanja, ali i djelovanja ekonomije razmjera. Takvi procesi rezultirat \u0107e pove\u0107anjem ekonomsko-socijalnih kapaciteta lokalne zajednice budu\u0107i da se izravno odra\u017eavaju na pove\u0107anje raspolo\u017eivog dohotka lokalnog stanovni\u0161tva, a posljedi\u010dno tome i pove\u0107anje njihove potro\u0161nje u lokalnom gospodarstvu.<\/p>","protected":false},"excerpt":{"rendered":"<p>Na sjednici Vlade Republike Hrvatske usvojena je Odluka o dono\u0161enju Programa razvoja brdsko-planinskih podru\u010dja i Odluka o dono\u0161enju Programa odr\u017eivog dru\u0161tvenog i gospodarskog razvoja potpomognutih podru\u010dja. Tom prilikom, dr\u017eavna tajnica Ministarstva regionalnoga razvoja i fondova Europske unije Spomenka \u0110uri\u0107 kazala je kako Program razvoja brdsko-planinskih podru\u010dja za razdoblje od 2022. do 2025. godine predstavlja akt [&hellip;]<\/p>","protected":false},"author":2,"featured_media":7223,"comment_status":"closed","ping_status":"closed","sticky":false,"template":"","format":"standard","meta":{"_et_pb_use_builder":"","_et_pb_old_content":"","_et_gb_content_width":"","footnotes":""},"categories":[4],"tags":[],"class_list":["post-7222","post","type-post","status-publish","format-standard","has-post-thumbnail","hentry","category-vijesti"],"_links":{"self":[{"href":"https:\/\/www.ra-vsz.hr\/en\/wp-json\/wp\/v2\/posts\/7222","targetHints":{"allow":["GET"]}}],"collection":[{"href":"https:\/\/www.ra-vsz.hr\/en\/wp-json\/wp\/v2\/posts"}],"about":[{"href":"https:\/\/www.ra-vsz.hr\/en\/wp-json\/wp\/v2\/types\/post"}],"author":[{"embeddable":true,"href":"https:\/\/www.ra-vsz.hr\/en\/wp-json\/wp\/v2\/users\/2"}],"replies":[{"embeddable":true,"href":"https:\/\/www.ra-vsz.hr\/en\/wp-json\/wp\/v2\/comments?post=7222"}],"version-history":[{"count":1,"href":"https:\/\/www.ra-vsz.hr\/en\/wp-json\/wp\/v2\/posts\/7222\/revisions"}],"predecessor-version":[{"id":10898,"href":"https:\/\/www.ra-vsz.hr\/en\/wp-json\/wp\/v2\/posts\/7222\/revisions\/10898"}],"wp:featuredmedia":[{"embeddable":true,"href":"https:\/\/www.ra-vsz.hr\/en\/wp-json\/"}],"wp:attachment":[{"href":"https:\/\/www.ra-vsz.hr\/en\/wp-json\/wp\/v2\/media?parent=7222"}],"wp:term":[{"taxonomy":"category","embeddable":true,"href":"https:\/\/www.ra-vsz.hr\/en\/wp-json\/wp\/v2\/categories?post=7222"},{"taxonomy":"post_tag","embeddable":true,"href":"https:\/\/www.ra-vsz.hr\/en\/wp-json\/wp\/v2\/tags?post=7222"}],"curies":[{"name":"wp","href":"https:\/\/api.w.org\/{rel}","templated":true}]}}