{"id":7178,"date":"2022-02-23T13:48:57","date_gmt":"2022-02-23T11:48:57","guid":{"rendered":"https:\/\/www.ra-vsz.hr\/?p=7178"},"modified":"2023-01-30T19:22:55","modified_gmt":"2023-01-30T19:22:55","slug":"javni-poziv-za-sufinanciranje-posebnih-programa-nacionalnih-manjina-u-republici-hrvatskoj-u-2022-godini","status":"publish","type":"post","link":"https:\/\/www.ra-vsz.hr\/en\/javni-poziv-za-sufinanciranje-posebnih-programa-nacionalnih-manjina-u-republici-hrvatskoj-u-2022-godini\/","title":{"rendered":"Javni poziv za sufinanciranje posebnih programa nacionalnih manjina u Republici Hrvatskoj u 2022. godini"},"content":{"rendered":"<p>Ministarstvo znanosti i obrazovanja objavilo Javni poziv za sufinanciranje posebnih programa nacionalnih manjina u Republici Hrvatskoj u 2022. godini.<\/p>\n<p>Predmet Javnoga poziva je prikupljanje prijava posebnih programa nacionalnih manjina i to prema sljede\u0107im grupama:<\/p>\n<ol>\n<li>a) Stru\u010dno usavr\u0161avanje odgojitelja te u\u010ditelja i nastavnika koji izvode nastavu na jeziku i pismu nacionalnih manjina u osnovnim i srednjim \u0161kolama;<\/li>\n<li>b) Odr\u017eavanje literarnih, dramskih i drugih izvannastavnih aktivnosti te drugi oblici \u0161kolovanja u\u010denika na jeziku i pismu nacionalnih manjina u osnovnim i srednjim \u0161kolama;<\/li>\n<li>c) Natjecanje u\u010denika pripadnika nacionalnih manjina u osnovnim i srednjim \u0161kolama (pisanom, likovnom stvarala\u0161tvu i sli\u010dno);<\/li>\n<li>d) Manifestacije obilje\u017eavanja zna\u010dajnih datuma za nacionalne manjine;<\/li>\n<li>e) Tiskanje \u010dasopisa, bro\u0161ura i knjiga koje poma\u017eu promociji jezika, pisma i kulture nacionalne manjine te se koriste u svrhu edukacije u\u010denika osnovnih i srednjih \u0161kola.<\/li>\n<\/ol>\n<p>Prihvatljivi prijavitelji su sve zainteresirane udruge i ustanove \u010dije je djelovanje usmjereno na: odgoj i obrazovanje djece i mladih pripadnika nacionalnih manjina i\/ili na stru\u010dno usavr\u0161avanje odgojitelja, u\u010ditelja i nastavnika koji izvode nastavu na jeziku i pismu nacionalne manjine i\/ili organizaciju manifestacija obilje\u017eavanja zna\u010dajnih datuma za nacionalne manjine i\/ili izdava\u010dku djelatnost vezano uz tematiku nacionalnih manjina ovisno o grupi na koju se prijavitelj prijavljuje.<\/p>\n<p>Vrijednost Javnoga poziva je 300.000,00 kuna, a prijave se podnose do 24. o\u017eujka 2022. godine.<\/p>\n<p>Vi\u0161e informacija na sljede\u0107oj <a href=\"https:\/\/mzo.gov.hr\/istaknute-teme\/natjecaji-196\/javni-poziv-za-sufinanciranje-posebnih-programa-nacionalnih-manjina-u-republici-hrvatskoj-u-2022-godini\/4796\" target=\"_blank\" rel=\"noopener\">poveznici<\/a>.<\/p>","protected":false},"excerpt":{"rendered":"<p>Ministarstvo znanosti i obrazovanja objavilo Javni poziv za sufinanciranje posebnih programa nacionalnih manjina u Republici Hrvatskoj u 2022. godini. Predmet Javnoga poziva je prikupljanje prijava posebnih programa nacionalnih manjina i to prema sljede\u0107im grupama: a) Stru\u010dno usavr\u0161avanje odgojitelja te u\u010ditelja i nastavnika koji izvode nastavu na jeziku i pismu nacionalnih manjina u osnovnim i srednjim [&hellip;]<\/p>","protected":false},"author":2,"featured_media":7179,"comment_status":"closed","ping_status":"closed","sticky":false,"template":"","format":"standard","meta":{"_et_pb_use_builder":"","_et_pb_old_content":"","_et_gb_content_width":"","footnotes":""},"categories":[4],"tags":[],"class_list":["post-7178","post","type-post","status-publish","format-standard","has-post-thumbnail","hentry","category-vijesti"],"_links":{"self":[{"href":"https:\/\/www.ra-vsz.hr\/en\/wp-json\/wp\/v2\/posts\/7178","targetHints":{"allow":["GET"]}}],"collection":[{"href":"https:\/\/www.ra-vsz.hr\/en\/wp-json\/wp\/v2\/posts"}],"about":[{"href":"https:\/\/www.ra-vsz.hr\/en\/wp-json\/wp\/v2\/types\/post"}],"author":[{"embeddable":true,"href":"https:\/\/www.ra-vsz.hr\/en\/wp-json\/wp\/v2\/users\/2"}],"replies":[{"embeddable":true,"href":"https:\/\/www.ra-vsz.hr\/en\/wp-json\/wp\/v2\/comments?post=7178"}],"version-history":[{"count":1,"href":"https:\/\/www.ra-vsz.hr\/en\/wp-json\/wp\/v2\/posts\/7178\/revisions"}],"predecessor-version":[{"id":10890,"href":"https:\/\/www.ra-vsz.hr\/en\/wp-json\/wp\/v2\/posts\/7178\/revisions\/10890"}],"wp:featuredmedia":[{"embeddable":true,"href":"https:\/\/www.ra-vsz.hr\/en\/wp-json\/"}],"wp:attachment":[{"href":"https:\/\/www.ra-vsz.hr\/en\/wp-json\/wp\/v2\/media?parent=7178"}],"wp:term":[{"taxonomy":"category","embeddable":true,"href":"https:\/\/www.ra-vsz.hr\/en\/wp-json\/wp\/v2\/categories?post=7178"},{"taxonomy":"post_tag","embeddable":true,"href":"https:\/\/www.ra-vsz.hr\/en\/wp-json\/wp\/v2\/tags?post=7178"}],"curies":[{"name":"wp","href":"https:\/\/api.w.org\/{rel}","templated":true}]}}