{"id":7173,"date":"2022-02-23T13:39:56","date_gmt":"2022-02-23T11:39:56","guid":{"rendered":"https:\/\/www.ra-vsz.hr\/?p=7173"},"modified":"2023-01-30T19:21:14","modified_gmt":"2023-01-30T19:21:14","slug":"inicijativa-drvece-za-zivot","status":"publish","type":"post","link":"https:\/\/www.ra-vsz.hr\/en\/inicijativa-drvece-za-zivot\/","title":{"rendered":"Inicijativa \u2013 Drve\u0107e za \u017eivot"},"content":{"rendered":"<p><strong>Drve\u0107e za \u017eivot<\/strong> je poziv gradovima i regijama na sudjelovanje u inicijativi EU-a sa\u0111enja 3 milijarde stabala do 2030. godine.<\/p>\n<p>Europski odbor regija pokrenuo je inicijativu Drve\u0107e za \u017eivot, poziv na djelovanje za sve \u010dlanice OR-a, ali i za gradove i regije diljem EU-a, kako bi doprinijeli u po\u0161umljavanju i ekologizaciji urbanih podru\u010dja. Inicijativa \u201eDrve\u0107e za \u017eivot\u201c dio je lokalne kampanje OR-a <a href=\"https:\/\/cor.europa.eu\/hr\/engage\/Pages\/green-deal.aspx\" target=\"_blank\" rel=\"noopener\">Zeleni plan na lokalnom nivou<\/a>.<\/p>\n<p>Kako biste se pridru\u017eili inicijativi Drve\u0107e za \u017eivot, ispunite kratku <a href=\"https:\/\/ec.europa.eu\/eusurvey\/runner\/TreesforLife2022\" target=\"_blank\" rel=\"noopener\">online anketu<\/a>.<\/p>\n<p>Prema uputama, drve\u0107e se mora saditi ili nicati <strong>nakon 20. svibnja 2020. godine<\/strong>, a moraju se slijediti smjernice o po\u0161umljavanju pogodnom za biolo\u0161ku raznolikost, izbjegavaju\u0107i neprimjereno po\u0161umljavanje osjetljivih stani\u0161ta kao \u0161to su tresetna zemlji\u0161ta i mo\u010dvarna podru\u010dja, daju\u0107i prednost autohtonim vrstama drve\u0107a kada je to mogu\u0107e i sortama, ekotipovima i podrijetlima kojima se uzima u obzir potreba za otporno\u0161\u0107u na klimatske promjene. <a href=\"https:\/\/cor.europa.eu\/en\/events\/Documents\/declaration%20of%20honor\/%5bHR%5d%20Declaration%20Of%20Honour.pdf\" target=\"_blank\" rel=\"noopener\">Smjernice i kriteriji sudjelovanja dostupni su ovdje.<\/a><\/p>\n<p>Pozivom na djelovanje Drve\u0107e za \u017eivot poti\u010de se svakog sudionika, a posebno \u010dlanove OR-a, <strong>na sadnju drve\u0107a u svojoj regiji, gradu ili selu, <\/strong>po mogu\u0107nosti <strong>30. svibnja 2022. godine, a najkasnije do 5. lipnja 2022. godine<\/strong>, tijekom <strong>Zelenog tjedna EU-a 2022.<\/strong>, te na dijeljenje fotografija kako bi ih objavili i promicali kao doprinos po\u0161umljavanju Europe.<\/p>\n<p>OR \u0107e promovirati\u00a0 i dati vidljivost svim zajedni\u010dkim obvezama, u\u010dvr\u0161\u0107uju\u0107i poruku da je globalno zatopljenje globalni izazov za koji su potrebna\u00a0 lokalna rje\u0161enja.<\/p>\n<p>Doprinosi gradova i regija u okviru Drve\u0107e za \u017eivot izravno \u0107e se ura\u010dunati u <a href=\"https:\/\/ec.europa.eu\/environment\/3-billion-trees_hr\" target=\"_blank\" rel=\"noopener\">obvezu od 3 milijarde dodatnih stabala<\/a> i doprinijeti <a href=\"https:\/\/ec.europa.eu\/environment\/strategy\/forest-strategy_hr\" target=\"_blank\" rel=\"noopener\">novoj strategiji EU-a za \u0161ume do 2030.<\/a><\/p>\n<p>Drve\u0107e za \u017eivot\u00a0 jedan je od 10 poziva na akciju lokalne kampanje <a href=\"https:\/\/cor.europa.eu\/en\/engage\/Documents\/Green%20Deal%20Going%20Local%20Campaign_Concept_Objectives%20and%2010%20Calls%20for%20Action_V3.pdf\" target=\"_blank\" rel=\"noopener\">OR-a Zeleni plan na lokalnom nivou<\/a>.<\/p>\n<p>Prema <a href=\"https:\/\/www.fao.org\/3\/c0024e\/c0024e.pdf\" target=\"_blank\" rel=\"noopener\">Organizaciji ujedinjenih naroda za hranu i poljoprivredu<\/a>, \u0161ume su neophodne za na\u0161e zdravlje i dobrobit planeta. Bogati su bioraznoliko\u0161\u0107u i iznimno su va\u017eni u borbi protiv klimatskih promjena. Me\u0111u ostalim koristima, sadnja dodatnih 3 milijarde stabala diljem EU-a tako\u0111er \u0107e pomo\u0107i:<\/p>\n<ul>\n<li>ohladiti zrak izme\u0111u 2\u00baC i 8\u00baC kada se strate\u0161ki sadi u urbanim podru\u010djima<\/li>\n<li>osigurati hranu, kao \u0161to su vo\u0107e, ora\u0161asti plodovi i li\u0161\u0107e<\/li>\n<li>osigurati stani\u0161te i za\u0161titu biljaka i \u017eivotinja, pove\u0107avaju\u0107i bioraznolikost u gradovima.<\/li>\n<\/ul>","protected":false},"excerpt":{"rendered":"<p>Drve\u0107e za \u017eivot je poziv gradovima i regijama na sudjelovanje u inicijativi EU-a sa\u0111enja 3 milijarde stabala do 2030. godine. Europski odbor regija pokrenuo je inicijativu Drve\u0107e za \u017eivot, poziv na djelovanje za sve \u010dlanice OR-a, ali i za gradove i regije diljem EU-a, kako bi doprinijeli u po\u0161umljavanju i ekologizaciji urbanih podru\u010dja. Inicijativa \u201eDrve\u0107e [&hellip;]<\/p>","protected":false},"author":2,"featured_media":7174,"comment_status":"closed","ping_status":"closed","sticky":false,"template":"","format":"standard","meta":{"_et_pb_use_builder":"","_et_pb_old_content":"","_et_gb_content_width":"","footnotes":""},"categories":[4],"tags":[],"class_list":["post-7173","post","type-post","status-publish","format-standard","has-post-thumbnail","hentry","category-vijesti"],"_links":{"self":[{"href":"https:\/\/www.ra-vsz.hr\/en\/wp-json\/wp\/v2\/posts\/7173","targetHints":{"allow":["GET"]}}],"collection":[{"href":"https:\/\/www.ra-vsz.hr\/en\/wp-json\/wp\/v2\/posts"}],"about":[{"href":"https:\/\/www.ra-vsz.hr\/en\/wp-json\/wp\/v2\/types\/post"}],"author":[{"embeddable":true,"href":"https:\/\/www.ra-vsz.hr\/en\/wp-json\/wp\/v2\/users\/2"}],"replies":[{"embeddable":true,"href":"https:\/\/www.ra-vsz.hr\/en\/wp-json\/wp\/v2\/comments?post=7173"}],"version-history":[{"count":1,"href":"https:\/\/www.ra-vsz.hr\/en\/wp-json\/wp\/v2\/posts\/7173\/revisions"}],"predecessor-version":[{"id":10888,"href":"https:\/\/www.ra-vsz.hr\/en\/wp-json\/wp\/v2\/posts\/7173\/revisions\/10888"}],"wp:featuredmedia":[{"embeddable":true,"href":"https:\/\/www.ra-vsz.hr\/en\/wp-json\/"}],"wp:attachment":[{"href":"https:\/\/www.ra-vsz.hr\/en\/wp-json\/wp\/v2\/media?parent=7173"}],"wp:term":[{"taxonomy":"category","embeddable":true,"href":"https:\/\/www.ra-vsz.hr\/en\/wp-json\/wp\/v2\/categories?post=7173"},{"taxonomy":"post_tag","embeddable":true,"href":"https:\/\/www.ra-vsz.hr\/en\/wp-json\/wp\/v2\/tags?post=7173"}],"curies":[{"name":"wp","href":"https:\/\/api.w.org\/{rel}","templated":true}]}}