{"id":7141,"date":"2022-02-17T14:47:46","date_gmt":"2022-02-17T12:47:46","guid":{"rendered":"https:\/\/www.ra-vsz.hr\/?p=7141"},"modified":"2023-01-30T19:19:57","modified_gmt":"2023-01-30T19:19:57","slug":"poziv-europski-projekti-suradnje-crea-cult-2022-coop","status":"publish","type":"post","link":"https:\/\/www.ra-vsz.hr\/en\/poziv-europski-projekti-suradnje-crea-cult-2022-coop\/","title":{"rendered":"Poziv &#8211; Europski projekti suradnje (CREA-CULT-2022-COOP)"},"content":{"rendered":"<p>Europska komisija objavila je poziv za podno\u0161enje prijedloga za 3 kategorije u sklopu Kulturnog dijela programa Kreativna Europa za potporu\u00a0<strong>europskim\u00a0<\/strong><strong>projektima suradnje<\/strong>\u00a0(CREA-CULT-2022-COOP).<\/p>\n<p>Ovim pozivom Europska komisija podupire profesionalce iz kulturnih i kreativnih sektora svih veli\u010dina u velikom spektru aktivnosti i inicijativa.<\/p>\n<p>Akcija integrira me\u0111usektorska pitanja uklju\u010denosti, za\u0161tite okoli\u0161a i ravnopravnosti spolova kao i tematske prioritete relevantne za\u00a0<a href=\"https:\/\/europa.eu\/new-european-bauhaus\/index_en\" target=\"_blank\" rel=\"noopener\">Novi europski Bauhaus<\/a>\u00a0.<\/p>\n<p>S ukupnim prora\u010dunom poziva od\u00a0<strong>68 milijuna eura<\/strong>, akcija \u0107e potaknuti suradnju izme\u0111u organizacija kreativnog sektora.<\/p>\n<p>Poziv ima za cilj ja\u010danje transnacionalnog stvarala\u0161tva i omogu\u0107avanje kru\u017eenja europskih djela i umjetnika.\u00a0Drugi cilj poziva je njegovanje talenata, inovacija, napredak i stvaranje radnih mjesta i rast.<\/p>\n<p>Prijavljeni projekti moraju se usredoto\u010diti na razvoj publike, dru\u0161tvenu uklju\u010denost, odr\u017eivost, digitalizaciju ili razvoj me\u0111unarodnih veza za kulturne aktere.\u00a0Aktivnosti izgradnje kapaciteta\/obuke u sektorima kulturne ba\u0161tine, glazbe, knjige i izdava\u0161tva, arhitekture, mode i dizajna kao i kulturnog turizma tako\u0111er su valjan prioritet za ovaj krug akcija.<\/p>\n<p>Projekti europske suradnje otvoreni su za sve kulturne i kreativne sektore.<\/p>\n<p>No, s obzirom da je ova akcija dio Programa Kultura, projekti s ekskluzivnim audiovizualnim sadr\u017eajem i\/ili isklju\u010divo sastavljeni od organizacija iz audiovizualnog sektora nisu prihvatljivi za financiranje.<\/p>\n<p>Rok za prijavu: do\u00a0<strong>31.3.2022.<\/strong><\/p>\n<p>Vi\u0161e informacija:\u00a0<a href=\"https:\/\/ec.europa.eu\/info\/funding-tenders\/opportunities\/docs\/2021-2027\/crea\/wp-call\/2022\/call-fiche_crea-cult-2022-coop_en.pdf\" target=\"_blank\" rel=\"noopener\">Dokument poziva<\/a> i <a href=\"https:\/\/ec.europa.eu\/info\/funding-tenders\/opportunities\/portal\/screen\/opportunities\/topic-details\/crea-cult-2022-coop-1;callCode=null;freeTextSearchKeyword=creative%20europe;matchWholeText=true;typeCodes=0,1,2,8;statusCodes=31094501,31094502,31094503;programmePeriod=null;programCcm2Id=null;programDivisionCode=null;focusAreaCode=null;destination=null;mission=null;geographicalZonesCode=null;programmeDivisionProspect=null;startDateLte=null;startDateGte=null;crossCuttingPriorityCode=null;cpvCode=null;performanceOfDelivery=null;sortQuery=sortStatus;orderBy=asc;onlyTenders=false;topicListKey=topicSearchTablePageState\" target=\"_blank\" rel=\"noopener\">Slu\u017ebeni poziv<\/a><\/p>","protected":false},"excerpt":{"rendered":"<p>Europska komisija objavila je poziv za podno\u0161enje prijedloga za 3 kategorije u sklopu Kulturnog dijela programa Kreativna Europa za potporu\u00a0europskim\u00a0projektima suradnje\u00a0(CREA-CULT-2022-COOP). Ovim pozivom Europska komisija podupire profesionalce iz kulturnih i kreativnih sektora svih veli\u010dina u velikom spektru aktivnosti i inicijativa. Akcija integrira me\u0111usektorska pitanja uklju\u010denosti, za\u0161tite okoli\u0161a i ravnopravnosti spolova kao i tematske prioritete relevantne [&hellip;]<\/p>","protected":false},"author":2,"featured_media":7142,"comment_status":"closed","ping_status":"closed","sticky":false,"template":"","format":"standard","meta":{"_et_pb_use_builder":"","_et_pb_old_content":"","_et_gb_content_width":"","footnotes":""},"categories":[4],"tags":[],"class_list":["post-7141","post","type-post","status-publish","format-standard","has-post-thumbnail","hentry","category-vijesti"],"_links":{"self":[{"href":"https:\/\/www.ra-vsz.hr\/en\/wp-json\/wp\/v2\/posts\/7141","targetHints":{"allow":["GET"]}}],"collection":[{"href":"https:\/\/www.ra-vsz.hr\/en\/wp-json\/wp\/v2\/posts"}],"about":[{"href":"https:\/\/www.ra-vsz.hr\/en\/wp-json\/wp\/v2\/types\/post"}],"author":[{"embeddable":true,"href":"https:\/\/www.ra-vsz.hr\/en\/wp-json\/wp\/v2\/users\/2"}],"replies":[{"embeddable":true,"href":"https:\/\/www.ra-vsz.hr\/en\/wp-json\/wp\/v2\/comments?post=7141"}],"version-history":[{"count":1,"href":"https:\/\/www.ra-vsz.hr\/en\/wp-json\/wp\/v2\/posts\/7141\/revisions"}],"predecessor-version":[{"id":10881,"href":"https:\/\/www.ra-vsz.hr\/en\/wp-json\/wp\/v2\/posts\/7141\/revisions\/10881"}],"wp:featuredmedia":[{"embeddable":true,"href":"https:\/\/www.ra-vsz.hr\/en\/wp-json\/"}],"wp:attachment":[{"href":"https:\/\/www.ra-vsz.hr\/en\/wp-json\/wp\/v2\/media?parent=7141"}],"wp:term":[{"taxonomy":"category","embeddable":true,"href":"https:\/\/www.ra-vsz.hr\/en\/wp-json\/wp\/v2\/categories?post=7141"},{"taxonomy":"post_tag","embeddable":true,"href":"https:\/\/www.ra-vsz.hr\/en\/wp-json\/wp\/v2\/tags?post=7141"}],"curies":[{"name":"wp","href":"https:\/\/api.w.org\/{rel}","templated":true}]}}