{"id":7068,"date":"2022-02-16T10:09:44","date_gmt":"2022-02-16T08:09:44","guid":{"rendered":"https:\/\/www.ra-vsz.hr\/?p=7068"},"modified":"2023-01-30T19:17:16","modified_gmt":"2023-01-30T19:17:16","slug":"odrzana-konstituirajuca-sjednica-partnerskog-vijeca-urbanoga-podrucja-vinkovci","status":"publish","type":"post","link":"https:\/\/www.ra-vsz.hr\/en\/odrzana-konstituirajuca-sjednica-partnerskog-vijeca-urbanoga-podrucja-vinkovci\/","title":{"rendered":"Odr\u017eana Konstituiraju\u0107a sjednica Partnerskog vije\u0107a urbanoga podru\u010dja Vinkovci"},"content":{"rendered":"<p>U utorak, 15. velja\u010de 2022. godine s po\u010detkom u 11:00 sati u velikoj dvorani Poduzetni\u010dkog inkubatora Vinkovci odr\u017eana je konstituiraju\u0107a sjednica Partnerskog vije\u0107a urbanog podru\u010dja Vinkovci. Na sjednici su izabrani predsjednik i zamjenik predsjednika vije\u0107a, usvojen je Poslovnik o radu Partnerskog vije\u0107a, najavljena je izrada Strategije razvoja urbanog podru\u010dja Vinkovci za razdoblje 2021.-2027. godine u okviru Mehanizma integriranih teritorijalnih ulaganja (ITU). Na sjednici su spred Razvojne agencije Vukovarsko-srijemske \u017eupanije sudjelovale ravnateljica g\u0111a. Zrinka \u010cobankovi\u0107 i zamjenica ravnateljice g\u0111a. Marija Devi\u0107.<\/p>\n<p>Za predsjednika Partnerskog vije\u0107e izabran je gradona\u010delnik Vinkovaca g. Ivan Bosan\u010di\u0107, a za njegova zamjenika na\u010delnik Op\u0107ine Andrija\u0161evci g. Ante Rajkovi\u0107. Grad Vinkovci kao nositelj izrade Strategije razvoja urbanog podru\u010dja osnovao je Partnersko vije\u0107e koje se sastoji od 40 \u010dlanova i njihovih zamjenika koji \u010dine savjetodavno tijelo koje djeluje u cilju utvr\u0111ivanja zajedni\u010dkih prioriteta razvoja na razini urbanog podru\u010dja, predlaganja strate\u0161kih projekata va\u017enih za razvoj urbanog podru\u010dja te njihove provedbe i pra\u0107enja.<\/p>\n<p>Gradovi Vinkovci i Otok te op\u0107ine Andrija\u0161evci, Ivankovo, Jarmina, Nijemci, Nu\u0161tar, Privlaka, Stari Jankovci, Stari Mikanovci i Vo\u0111inci kroz zajedni\u010dko planiranje i osmi\u0161ljavanje zajedni\u010dkih projekata, financiranih kroz ITU mehanizam, pokrenut \u0107e dodatni razvoj urbanog podru\u010dja i osgiurati \u0161to kvalitetnije \u017eivotne uvjete svojim stanovnicima.<\/p>\n<p>Izvor: Grad Vinkovci<\/p>","protected":false},"excerpt":{"rendered":"<p>U utorak, 15. velja\u010de 2022. godine s po\u010detkom u 11:00 sati u velikoj dvorani Poduzetni\u010dkog inkubatora Vinkovci odr\u017eana je konstituiraju\u0107a sjednica Partnerskog vije\u0107a urbanog podru\u010dja Vinkovci. Na sjednici su izabrani predsjednik i zamjenik predsjednika vije\u0107a, usvojen je Poslovnik o radu Partnerskog vije\u0107a, najavljena je izrada Strategije razvoja urbanog podru\u010dja Vinkovci za razdoblje 2021.-2027. godine u [&hellip;]<\/p>","protected":false},"author":2,"featured_media":7069,"comment_status":"closed","ping_status":"closed","sticky":false,"template":"","format":"standard","meta":{"_et_pb_use_builder":"","_et_pb_old_content":"","_et_gb_content_width":"","footnotes":""},"categories":[4],"tags":[],"class_list":["post-7068","post","type-post","status-publish","format-standard","has-post-thumbnail","hentry","category-vijesti"],"_links":{"self":[{"href":"https:\/\/www.ra-vsz.hr\/en\/wp-json\/wp\/v2\/posts\/7068","targetHints":{"allow":["GET"]}}],"collection":[{"href":"https:\/\/www.ra-vsz.hr\/en\/wp-json\/wp\/v2\/posts"}],"about":[{"href":"https:\/\/www.ra-vsz.hr\/en\/wp-json\/wp\/v2\/types\/post"}],"author":[{"embeddable":true,"href":"https:\/\/www.ra-vsz.hr\/en\/wp-json\/wp\/v2\/users\/2"}],"replies":[{"embeddable":true,"href":"https:\/\/www.ra-vsz.hr\/en\/wp-json\/wp\/v2\/comments?post=7068"}],"version-history":[{"count":1,"href":"https:\/\/www.ra-vsz.hr\/en\/wp-json\/wp\/v2\/posts\/7068\/revisions"}],"predecessor-version":[{"id":10873,"href":"https:\/\/www.ra-vsz.hr\/en\/wp-json\/wp\/v2\/posts\/7068\/revisions\/10873"}],"wp:featuredmedia":[{"embeddable":true,"href":"https:\/\/www.ra-vsz.hr\/en\/wp-json\/"}],"wp:attachment":[{"href":"https:\/\/www.ra-vsz.hr\/en\/wp-json\/wp\/v2\/media?parent=7068"}],"wp:term":[{"taxonomy":"category","embeddable":true,"href":"https:\/\/www.ra-vsz.hr\/en\/wp-json\/wp\/v2\/categories?post=7068"},{"taxonomy":"post_tag","embeddable":true,"href":"https:\/\/www.ra-vsz.hr\/en\/wp-json\/wp\/v2\/tags?post=7068"}],"curies":[{"name":"wp","href":"https:\/\/api.w.org\/{rel}","templated":true}]}}