{"id":7059,"date":"2022-02-15T15:48:06","date_gmt":"2022-02-15T13:48:06","guid":{"rendered":"https:\/\/www.ra-vsz.hr\/?p=7059"},"modified":"2023-01-30T19:16:45","modified_gmt":"2023-01-30T19:16:45","slug":"javni-poziv-za-dodjelu-potpora-za-samozaposljavanje-u-2022-godini","status":"publish","type":"post","link":"https:\/\/www.ra-vsz.hr\/en\/javni-poziv-za-dodjelu-potpora-za-samozaposljavanje-u-2022-godini\/","title":{"rendered":"Javni poziv za dodjelu potpora za samozapo\u0161ljavanje u 2022. godini"},"content":{"rendered":"<p>U cilju provedbe Programa stru\u010dnog osposobljavanja i zapo\u0161ljavanja hrvatskih branitelja i \u010dlanova njihovih obitelji za razdoblje od 2021. do 2023. godine, Ministarstvo hrvatskih branitelja objavilo je Javni poziv za dodjelu potpora za samozapo\u0161ljavanje u 2022. godini, koji je otvoren od 15. velja\u010de do 17. o\u017eujka 2022. godine.<\/p>\n<p>Tekst javnog poziva, kao i pripadaju\u0107i obrasci i popratna dokumentacija, dostupni su na mre\u017enoj \u00a0stranici Ministarstva hrvatskih branitelja u dijelu\u00a0<a href=\"https:\/\/branitelji.gov.hr\/o-ministarstvu-15\/javne-rasprave\/javni-pozivi\/aktualni-javni-pozivi\/919\" target=\"_blank\" rel=\"noopener\"><em>Aktualni javni pozivi\u00a0<\/em><\/a>, u Ministarstvu hrvatskih branitelja te u Podru\u010dnim odjelima\u00a0<a href=\"https:\/\/branitelji.gov.hr\/o-ministarstvu\/djelokrug-ministarstva-925\/direktna-komunikacija-959\/centri-za-psihosocijalnu-pomoc-i-podrucne-jedinice-ministarstva-731\/731\" target=\"_blank\" rel=\"noopener\"> Ministarstva u \u017eupanijama.<\/a><\/p>","protected":false},"excerpt":{"rendered":"<p>U cilju provedbe Programa stru\u010dnog osposobljavanja i zapo\u0161ljavanja hrvatskih branitelja i \u010dlanova njihovih obitelji za razdoblje od 2021. do 2023. godine, Ministarstvo hrvatskih branitelja objavilo je Javni poziv za dodjelu potpora za samozapo\u0161ljavanje u 2022. godini, koji je otvoren od 15. velja\u010de do 17. o\u017eujka 2022. godine. Tekst javnog poziva, kao i pripadaju\u0107i obrasci i [&hellip;]<\/p>","protected":false},"author":2,"featured_media":2052,"comment_status":"closed","ping_status":"closed","sticky":false,"template":"","format":"standard","meta":{"_et_pb_use_builder":"","_et_pb_old_content":"","_et_gb_content_width":"","footnotes":""},"categories":[4],"tags":[],"class_list":["post-7059","post","type-post","status-publish","format-standard","has-post-thumbnail","hentry","category-vijesti"],"_links":{"self":[{"href":"https:\/\/www.ra-vsz.hr\/en\/wp-json\/wp\/v2\/posts\/7059","targetHints":{"allow":["GET"]}}],"collection":[{"href":"https:\/\/www.ra-vsz.hr\/en\/wp-json\/wp\/v2\/posts"}],"about":[{"href":"https:\/\/www.ra-vsz.hr\/en\/wp-json\/wp\/v2\/types\/post"}],"author":[{"embeddable":true,"href":"https:\/\/www.ra-vsz.hr\/en\/wp-json\/wp\/v2\/users\/2"}],"replies":[{"embeddable":true,"href":"https:\/\/www.ra-vsz.hr\/en\/wp-json\/wp\/v2\/comments?post=7059"}],"version-history":[{"count":1,"href":"https:\/\/www.ra-vsz.hr\/en\/wp-json\/wp\/v2\/posts\/7059\/revisions"}],"predecessor-version":[{"id":10871,"href":"https:\/\/www.ra-vsz.hr\/en\/wp-json\/wp\/v2\/posts\/7059\/revisions\/10871"}],"wp:featuredmedia":[{"embeddable":true,"href":"https:\/\/www.ra-vsz.hr\/en\/wp-json\/"}],"wp:attachment":[{"href":"https:\/\/www.ra-vsz.hr\/en\/wp-json\/wp\/v2\/media?parent=7059"}],"wp:term":[{"taxonomy":"category","embeddable":true,"href":"https:\/\/www.ra-vsz.hr\/en\/wp-json\/wp\/v2\/categories?post=7059"},{"taxonomy":"post_tag","embeddable":true,"href":"https:\/\/www.ra-vsz.hr\/en\/wp-json\/wp\/v2\/tags?post=7059"}],"curies":[{"name":"wp","href":"https:\/\/api.w.org\/{rel}","templated":true}]}}