{"id":7039,"date":"2022-02-14T09:49:46","date_gmt":"2022-02-14T07:49:46","guid":{"rendered":"https:\/\/www.ra-vsz.hr\/?p=7039"},"modified":"2023-01-30T19:15:58","modified_gmt":"2023-01-30T19:15:58","slug":"javni-poziv-za-dodjelu-nagrade-za-kratku-pricu-o-domovinskom-ratu-za-ucenike-srednjih-skola-u-republici-hrvatskoj-u-2022-godini","status":"publish","type":"post","link":"https:\/\/www.ra-vsz.hr\/en\/javni-poziv-za-dodjelu-nagrade-za-kratku-pricu-o-domovinskom-ratu-za-ucenike-srednjih-skola-u-republici-hrvatskoj-u-2022-godini\/","title":{"rendered":"Javni poziv za dodjelu nagrade za kratku pri\u010du o Domovinskom ratu za u\u010denike srednjih \u0161kola u Republici Hrvatskoj u 2022. godini"},"content":{"rendered":"<p>Pravo sudjelovanja na Javnom pozivu za kratku pri\u010du o Domovinskom ratu imaju svi u\u010denici srednjih \u0161kola u Republici Hrvatskoj, a Javni poziv otvoren je od 14. velja\u010de do 16. o\u017eujka 2022.<\/p>\n<p>Ministarstvo hrvatskih branitelja objavilo je Javni poziv za dodjelu nagrade za kratku pri\u010du o Domovinskom ratu za u\u010denike srednjih \u0161kola u Republici Hrvatskoj.<\/p>\n<p>Svrha i cilj ovoga Javnog poziva je o\u010duvanje sje\u0107anja i promicanje vrijednosti Domovinskog rata na temelju Programa Vlade Republike Hrvatske za mandat 2020.\u20132024., Provedbenog plana Ministarstva hrvatskih branitelja za razdoblje 2021.-2024. te Provedbenog plana Ministarstva hrvatskih branitelja za razdoblje 2021.-2024., kroz afirmaciju pisane rije\u010di te poticaj na promi\u0161ljanje o zna\u010daju Domovinskog rata kod u\u010denika srednjih \u0161kola.<\/p>\n<p>Kako bi udovoljila uvjetima natje\u010daja, kratka pri\u010da o Domovinskom ratu treba biti knji\u017eevno ostvarenje koje tematizira posredni, prepri\u010dani do\u017eivljaj Domovinskog rata ili doga\u0111aj stvarne ili fikcijske naravi. Kratka pri\u010da mo\u017ee obra\u0111ivati samo jedan segment Domovinskog rata, ali i Domovinski rat u cijelosti.<\/p>\n<p>Javni poziv objavljen je na mre\u017enoj stranici Ministarstva, u dijelu\u00a0<a href=\"https:\/\/branitelji.gov.hr\/o-ministarstvu-15\/javne-rasprave\/javni-pozivi\/aktualni-javni-pozivi\/919\" target=\"_blank\" rel=\"noopener\">Aktualni javni pozivi<\/a>.\u00a0Pitanja vezana za javni poziv mogu se postavljati u roku 10 dana od dana objave Javnog poziva na e-adresi: prica@branitelji.hr .<br \/>\nOdgovori na pitanja bit \u0107e objavljeni na mre\u017enoj stranici Ministarstva u roku sedam dana od zavr\u0161etka roka za postavljanje pitanja.<\/p>\n<p>Pravo sudjelovanja na Javnom pozivu za kratku pri\u010du o Domovinskom ratu imaju svi u\u010denici srednjih \u0161kola u Republici Hrvatskoj, a Javni poziv je otvoren\u00a0<strong>od 14. velja\u010de do 16. o\u017eujka 2022.<\/strong><\/p>","protected":false},"excerpt":{"rendered":"<p>Pravo sudjelovanja na Javnom pozivu za kratku pri\u010du o Domovinskom ratu imaju svi u\u010denici srednjih \u0161kola u Republici Hrvatskoj, a Javni poziv otvoren je od 14. velja\u010de do 16. o\u017eujka 2022. Ministarstvo hrvatskih branitelja objavilo je Javni poziv za dodjelu nagrade za kratku pri\u010du o Domovinskom ratu za u\u010denike srednjih \u0161kola u Republici Hrvatskoj. Svrha [&hellip;]<\/p>","protected":false},"author":2,"featured_media":7040,"comment_status":"closed","ping_status":"closed","sticky":false,"template":"","format":"standard","meta":{"_et_pb_use_builder":"","_et_pb_old_content":"","_et_gb_content_width":"","footnotes":""},"categories":[4],"tags":[],"class_list":["post-7039","post","type-post","status-publish","format-standard","has-post-thumbnail","hentry","category-vijesti"],"_links":{"self":[{"href":"https:\/\/www.ra-vsz.hr\/en\/wp-json\/wp\/v2\/posts\/7039","targetHints":{"allow":["GET"]}}],"collection":[{"href":"https:\/\/www.ra-vsz.hr\/en\/wp-json\/wp\/v2\/posts"}],"about":[{"href":"https:\/\/www.ra-vsz.hr\/en\/wp-json\/wp\/v2\/types\/post"}],"author":[{"embeddable":true,"href":"https:\/\/www.ra-vsz.hr\/en\/wp-json\/wp\/v2\/users\/2"}],"replies":[{"embeddable":true,"href":"https:\/\/www.ra-vsz.hr\/en\/wp-json\/wp\/v2\/comments?post=7039"}],"version-history":[{"count":1,"href":"https:\/\/www.ra-vsz.hr\/en\/wp-json\/wp\/v2\/posts\/7039\/revisions"}],"predecessor-version":[{"id":10866,"href":"https:\/\/www.ra-vsz.hr\/en\/wp-json\/wp\/v2\/posts\/7039\/revisions\/10866"}],"wp:featuredmedia":[{"embeddable":true,"href":"https:\/\/www.ra-vsz.hr\/en\/wp-json\/"}],"wp:attachment":[{"href":"https:\/\/www.ra-vsz.hr\/en\/wp-json\/wp\/v2\/media?parent=7039"}],"wp:term":[{"taxonomy":"category","embeddable":true,"href":"https:\/\/www.ra-vsz.hr\/en\/wp-json\/wp\/v2\/categories?post=7039"},{"taxonomy":"post_tag","embeddable":true,"href":"https:\/\/www.ra-vsz.hr\/en\/wp-json\/wp\/v2\/tags?post=7039"}],"curies":[{"name":"wp","href":"https:\/\/api.w.org\/{rel}","templated":true}]}}