{"id":7001,"date":"2022-02-04T16:04:09","date_gmt":"2022-02-04T14:04:09","guid":{"rendered":"https:\/\/www.ra-vsz.hr\/?p=7001"},"modified":"2023-01-30T19:14:26","modified_gmt":"2023-01-30T19:14:26","slug":"predstavljen-program-transnacionalne-suradnje-sredisnja-europa-2021-2027","status":"publish","type":"post","link":"https:\/\/www.ra-vsz.hr\/en\/predstavljen-program-transnacionalne-suradnje-sredisnja-europa-2021-2027\/","title":{"rendered":"Predstavljen Program transnacionalne suradnje Sredi\u0161nja Europa 2021. \u2013 2027."},"content":{"rendered":"<p>Ministrica regionalnoga razvoja i fondova Europske unije Nata\u0161a Trami\u0161ak u Vinkovcima je sudjelovala na predstavljanju Programa transnacionalne suradnje Sredi\u0161nja Europa 2021. \u2013 2027. te je prethodno odr\u017eala sastanak sa \u017eupanom Vukovarsko-srijemske \u017eupanije Damirom Dekani\u0107em na temu Razvojnog sporazuma za podru\u010dje Slavonije, Baranje i Srijema te gradona\u010delnikom Vinkovaca Ivanom Bosan\u010di\u0107em na temu uspostavljenog Urbanog podru\u010dja Vinkovci \u010diji \u0107e se projekti financirati iz novog Integriranog teritorijalnog programa u razdoblju od 2021. \u2013 2027. godine.<\/p>\n<p>Urbano podru\u010dje Vinkovci uspostavljeno je Odlukom Gradskog vije\u0107a Grada Vinkovaca 12. listopada 2021. godine. Obuhva\u0107a 11 JLS-ova s podru\u010dja Vukovarsko-srijemske \u017eupanije: gradovi Vinkovci i Otok te op\u0107ine Nu\u0161tar, Stari Jankovci, Privlaka, Andrija\u0161evci, Ivankovo, Vo\u0111inci, Stari Mikanovci, Jarmina i Nijemci.<\/p>\n<p>Tijekom odr\u017eanog sastanka sa \u017eupanom Dekani\u0107em govorilo se i o provedbi Razvojnog sporazuma za podru\u010dje Slavonije, Baranje i Srijema koji je sklopljen u srpnju 2018. godine a isti zajedno s nakladno sklopljenim Dodacima obuhva\u0107a 67 razvojnih projekata \u010dija je vrijednost 11.739 milijardi kuna, financiranih u okviru Vi\u0161egodi\u0161njeg financijskog okvira 2014. \u2013 2020., Vi\u0161egodi\u0161njeg financijskog okvira 2021.-2027. te Mehanizma za oporavak i otpornost i dr\u017eavnog prora\u010dunu Republike Hrvatske.<\/p>","protected":false},"excerpt":{"rendered":"<p>Ministrica regionalnoga razvoja i fondova Europske unije Nata\u0161a Trami\u0161ak u Vinkovcima je sudjelovala na predstavljanju Programa transnacionalne suradnje Sredi\u0161nja Europa 2021. \u2013 2027. te je prethodno odr\u017eala sastanak sa \u017eupanom Vukovarsko-srijemske \u017eupanije Damirom Dekani\u0107em na temu Razvojnog sporazuma za podru\u010dje Slavonije, Baranje i Srijema te gradona\u010delnikom Vinkovaca Ivanom Bosan\u010di\u0107em na temu uspostavljenog Urbanog podru\u010dja Vinkovci [&hellip;]<\/p>","protected":false},"author":2,"featured_media":7002,"comment_status":"closed","ping_status":"closed","sticky":false,"template":"","format":"standard","meta":{"_et_pb_use_builder":"","_et_pb_old_content":"","_et_gb_content_width":"","footnotes":""},"categories":[4],"tags":[],"class_list":["post-7001","post","type-post","status-publish","format-standard","has-post-thumbnail","hentry","category-vijesti"],"_links":{"self":[{"href":"https:\/\/www.ra-vsz.hr\/en\/wp-json\/wp\/v2\/posts\/7001","targetHints":{"allow":["GET"]}}],"collection":[{"href":"https:\/\/www.ra-vsz.hr\/en\/wp-json\/wp\/v2\/posts"}],"about":[{"href":"https:\/\/www.ra-vsz.hr\/en\/wp-json\/wp\/v2\/types\/post"}],"author":[{"embeddable":true,"href":"https:\/\/www.ra-vsz.hr\/en\/wp-json\/wp\/v2\/users\/2"}],"replies":[{"embeddable":true,"href":"https:\/\/www.ra-vsz.hr\/en\/wp-json\/wp\/v2\/comments?post=7001"}],"version-history":[{"count":1,"href":"https:\/\/www.ra-vsz.hr\/en\/wp-json\/wp\/v2\/posts\/7001\/revisions"}],"predecessor-version":[{"id":10858,"href":"https:\/\/www.ra-vsz.hr\/en\/wp-json\/wp\/v2\/posts\/7001\/revisions\/10858"}],"wp:featuredmedia":[{"embeddable":true,"href":"https:\/\/www.ra-vsz.hr\/en\/wp-json\/"}],"wp:attachment":[{"href":"https:\/\/www.ra-vsz.hr\/en\/wp-json\/wp\/v2\/media?parent=7001"}],"wp:term":[{"taxonomy":"category","embeddable":true,"href":"https:\/\/www.ra-vsz.hr\/en\/wp-json\/wp\/v2\/categories?post=7001"},{"taxonomy":"post_tag","embeddable":true,"href":"https:\/\/www.ra-vsz.hr\/en\/wp-json\/wp\/v2\/tags?post=7001"}],"curies":[{"name":"wp","href":"https:\/\/api.w.org\/{rel}","templated":true}]}}