{"id":6911,"date":"2022-01-28T16:00:39","date_gmt":"2022-01-28T14:00:39","guid":{"rendered":"https:\/\/www.ra-vsz.hr\/?p=6911"},"modified":"2023-01-30T19:10:55","modified_gmt":"2023-01-30T19:10:55","slug":"javni-poziv-za-iskaz-interesa-za-financiranje-projekata-prema-programu-podrske-gospodarskoj-revitalizaciji-slavonije-baranje-i-srijema","status":"publish","type":"post","link":"https:\/\/www.ra-vsz.hr\/en\/javni-poziv-za-iskaz-interesa-za-financiranje-projekata-prema-programu-podrske-gospodarskoj-revitalizaciji-slavonije-baranje-i-srijema\/","title":{"rendered":"Javni poziv za iskaz interesa za financiranje projekata prema programu podr\u0161ke gospodarskoj revitalizaciji Slavonije, Baranje i Srijema"},"content":{"rendered":"<p>Ministarstvo regionalnoga razvoja i fondova Europske unije u okviru svoje nadle\u017enosti i u skladu s Prioritetima provedbe politike Nacionalne razvojne strategije Republike Hrvatske do 2030. i Programom Vlade Republike Hrvatske za razdoblje 2020.-2024. pokre\u0107e Program podr\u0161ke gospodarskoj revitalizaciji Slavonije, Baranje i Srijema.<\/p>\n<p>Cilj Programa je poticanje razvoja gospodarskih aktivnosti na podru\u010dju pet \u017eupanija s podru\u010dja Slavonije, baranje i Srijema kroz ulaganja u infrastrukturne projekte kao preduvjet\u00a0<strong>za razvoj postoje\u0107e i nove poduzetni\u010dke infrastrukture<\/strong>\u00a0te time postizanje odr\u017eivog gospodarskog razvoja, pove\u0107anja atraktivnosti prostora, pobolj\u0161anje kvalitete \u017eivota na ovim prostorima i spre\u010davanje daljnjeg iseljavanja.<\/p>\n<p>Program je namijenjen jedinicama lokalne samouprave i jedinicama podru\u010dne (regionalne) samouprave s podru\u010dja pet slavonskih \u017eupanija koje su nositelji prihvatljivih aktivnosti na projektu, a koncipiran je kao odgovor na razvojne prioritete lokalne i podru\u010dne razine i namijenjen je projektima koji \u0107e imati utjecaj na \u0161iru zajednicu.<\/p>\n<p>Vi\u0161e o samom Pozivu mo\u017eete prona\u0107i na <a href=\"https:\/\/razvoj.gov.hr\/UserDocsImages\/O%20ministarstvu\/Programi\/Smjernice%20za%20podnositelje%20zahtjeva_ppgrsbs_28_1_2022.pdf\" target=\"_blank\" rel=\"noopener\">poveznici<\/a>.<\/p>","protected":false},"excerpt":{"rendered":"<p>Ministarstvo regionalnoga razvoja i fondova Europske unije u okviru svoje nadle\u017enosti i u skladu s Prioritetima provedbe politike Nacionalne razvojne strategije Republike Hrvatske do 2030. i Programom Vlade Republike Hrvatske za razdoblje 2020.-2024. pokre\u0107e Program podr\u0161ke gospodarskoj revitalizaciji Slavonije, Baranje i Srijema. Cilj Programa je poticanje razvoja gospodarskih aktivnosti na podru\u010dju pet \u017eupanija s podru\u010dja [&hellip;]<\/p>","protected":false},"author":2,"featured_media":6912,"comment_status":"closed","ping_status":"closed","sticky":false,"template":"","format":"standard","meta":{"_et_pb_use_builder":"","_et_pb_old_content":"","_et_gb_content_width":"","footnotes":""},"categories":[4],"tags":[],"class_list":["post-6911","post","type-post","status-publish","format-standard","has-post-thumbnail","hentry","category-vijesti"],"_links":{"self":[{"href":"https:\/\/www.ra-vsz.hr\/en\/wp-json\/wp\/v2\/posts\/6911","targetHints":{"allow":["GET"]}}],"collection":[{"href":"https:\/\/www.ra-vsz.hr\/en\/wp-json\/wp\/v2\/posts"}],"about":[{"href":"https:\/\/www.ra-vsz.hr\/en\/wp-json\/wp\/v2\/types\/post"}],"author":[{"embeddable":true,"href":"https:\/\/www.ra-vsz.hr\/en\/wp-json\/wp\/v2\/users\/2"}],"replies":[{"embeddable":true,"href":"https:\/\/www.ra-vsz.hr\/en\/wp-json\/wp\/v2\/comments?post=6911"}],"version-history":[{"count":1,"href":"https:\/\/www.ra-vsz.hr\/en\/wp-json\/wp\/v2\/posts\/6911\/revisions"}],"predecessor-version":[{"id":10845,"href":"https:\/\/www.ra-vsz.hr\/en\/wp-json\/wp\/v2\/posts\/6911\/revisions\/10845"}],"wp:featuredmedia":[{"embeddable":true,"href":"https:\/\/www.ra-vsz.hr\/en\/wp-json\/"}],"wp:attachment":[{"href":"https:\/\/www.ra-vsz.hr\/en\/wp-json\/wp\/v2\/media?parent=6911"}],"wp:term":[{"taxonomy":"category","embeddable":true,"href":"https:\/\/www.ra-vsz.hr\/en\/wp-json\/wp\/v2\/categories?post=6911"},{"taxonomy":"post_tag","embeddable":true,"href":"https:\/\/www.ra-vsz.hr\/en\/wp-json\/wp\/v2\/tags?post=6911"}],"curies":[{"name":"wp","href":"https:\/\/api.w.org\/{rel}","templated":true}]}}