{"id":6897,"date":"2022-01-28T13:08:36","date_gmt":"2022-01-28T11:08:36","guid":{"rendered":"https:\/\/www.ra-vsz.hr\/?p=6897"},"modified":"2023-01-30T19:10:44","modified_gmt":"2023-01-30T19:10:44","slug":"javni-poziv-za-sufinanciranje-knjizevnih-ili-publicistickih-djela-o-domovinskom-ratu-te-sufinanciranju-prijevoda-i-objave-u-e-obliku-prethodno-tiskanih-djela-o-domovinskom-ratu-u-2022-godini","status":"publish","type":"post","link":"https:\/\/www.ra-vsz.hr\/en\/javni-poziv-za-sufinanciranje-knjizevnih-ili-publicistickih-djela-o-domovinskom-ratu-te-sufinanciranju-prijevoda-i-objave-u-e-obliku-prethodno-tiskanih-djela-o-domovinskom-ratu-u-2022-godini\/","title":{"rendered":"Javni poziv za sufinanciranje knji\u017eevnih ili publicisti\u010dkih djela o Domovinskom ratu te sufinanciranju prijevoda i objave u e-obliku prethodno tiskanih djela o Domovinskom ratu u 2022. godini"},"content":{"rendered":"<p>S ciljem o\u010duvanja i promicanja vrijednosti Domovinskog rata kroz dostupnost pisane rije\u010di o Domovinskom ratu u kulturnom \u017eivotu, afirmaciju pisane rije\u010di i autora koji pi\u0161u o Domovinskom ratu, <a href=\"https:\/\/branitelji.gov.hr\/o-ministarstvu-15\/javne-rasprave\/javni-pozivi\/aktualni-javni-pozivi\/919\" target=\"_blank\" rel=\"noopener\">Ministarstvo hrvatskih branitelja objavljuje Javni poziv za sufinanciranje knji\u017eevnih ili publicisti\u010dkih djela o Domovinskom ratu te sufinanciranju prijevoda i objave u e-obliku prethodno tiskanih djela o Domovinskom ratu sredstvima Dr\u017eavnog prora\u010duna Republike Hrvatske za 2022. godinu.<\/a><\/p>\n<p>Navedeni Javni poziv otvoren je u razdoblju od 28. sije\u010dnja do 28. o\u017eujka 2022. godine.<\/p>","protected":false},"excerpt":{"rendered":"<p>S ciljem o\u010duvanja i promicanja vrijednosti Domovinskog rata kroz dostupnost pisane rije\u010di o Domovinskom ratu u kulturnom \u017eivotu, afirmaciju pisane rije\u010di i autora koji pi\u0161u o Domovinskom ratu, Ministarstvo hrvatskih branitelja objavljuje Javni poziv za sufinanciranje knji\u017eevnih ili publicisti\u010dkih djela o Domovinskom ratu te sufinanciranju prijevoda i objave u e-obliku prethodno tiskanih djela o Domovinskom [&hellip;]<\/p>","protected":false},"author":2,"featured_media":6898,"comment_status":"closed","ping_status":"closed","sticky":false,"template":"","format":"standard","meta":{"_et_pb_use_builder":"","_et_pb_old_content":"","_et_gb_content_width":"","footnotes":""},"categories":[4],"tags":[],"class_list":["post-6897","post","type-post","status-publish","format-standard","has-post-thumbnail","hentry","category-vijesti"],"_links":{"self":[{"href":"https:\/\/www.ra-vsz.hr\/en\/wp-json\/wp\/v2\/posts\/6897","targetHints":{"allow":["GET"]}}],"collection":[{"href":"https:\/\/www.ra-vsz.hr\/en\/wp-json\/wp\/v2\/posts"}],"about":[{"href":"https:\/\/www.ra-vsz.hr\/en\/wp-json\/wp\/v2\/types\/post"}],"author":[{"embeddable":true,"href":"https:\/\/www.ra-vsz.hr\/en\/wp-json\/wp\/v2\/users\/2"}],"replies":[{"embeddable":true,"href":"https:\/\/www.ra-vsz.hr\/en\/wp-json\/wp\/v2\/comments?post=6897"}],"version-history":[{"count":1,"href":"https:\/\/www.ra-vsz.hr\/en\/wp-json\/wp\/v2\/posts\/6897\/revisions"}],"predecessor-version":[{"id":10844,"href":"https:\/\/www.ra-vsz.hr\/en\/wp-json\/wp\/v2\/posts\/6897\/revisions\/10844"}],"wp:featuredmedia":[{"embeddable":true,"href":"https:\/\/www.ra-vsz.hr\/en\/wp-json\/"}],"wp:attachment":[{"href":"https:\/\/www.ra-vsz.hr\/en\/wp-json\/wp\/v2\/media?parent=6897"}],"wp:term":[{"taxonomy":"category","embeddable":true,"href":"https:\/\/www.ra-vsz.hr\/en\/wp-json\/wp\/v2\/categories?post=6897"},{"taxonomy":"post_tag","embeddable":true,"href":"https:\/\/www.ra-vsz.hr\/en\/wp-json\/wp\/v2\/tags?post=6897"}],"curies":[{"name":"wp","href":"https:\/\/api.w.org\/{rel}","templated":true}]}}