{"id":6862,"date":"2022-01-27T09:28:40","date_gmt":"2022-01-27T07:28:40","guid":{"rendered":"https:\/\/www.ra-vsz.hr\/?p=6862"},"modified":"2023-01-30T19:09:58","modified_gmt":"2023-01-30T19:09:58","slug":"poziv-na-prijavu-za-sudjelovanje-na-konferenciji-uzivo-erasmus-green-mobility-green-schools","status":"publish","type":"post","link":"https:\/\/www.ra-vsz.hr\/en\/poziv-na-prijavu-za-sudjelovanje-na-konferenciji-uzivo-erasmus-green-mobility-green-schools\/","title":{"rendered":"Poziv na prijavu za sudjelovanje na konferenciji u\u017eivo \u201cErasmus + green mobility + green schools\u201d"},"content":{"rendered":"<p>Agencija za mobilnost i programe Europske unije poziva na prijavu za sudjelovanje na konferenciji pod nazivom \u201cErasmus + green mobility + green schools\u201d A European Conference on Climate protection and Sustainability in School Education, koji \u0107e se odr\u017eati od 4. do 6. svibnja 2022. u Potsdamu u Njema\u010dkoj u organizaciji njema\u010dke nacionalne Erasmus+ agencije.<\/p>\n<p>Teme i ciljevi konferencije su sljede\u0107i:<\/p>\n<ul>\n<li>Program Erasmus+ (2021. \u2013 2027.) kao va\u017ean instrument provo\u0111enja Europskog zelenog plana<\/li>\n<li>stavljanje naglaska na projekte koji ukazuju na potencijalnu raznolikost i kreativnost projekata usmjerenih na za\u0161titu okoli\u0161a i odr\u017eivost<\/li>\n<li>pronala\u017eenje potencijalnih projektnih partnera i razvoj projektnih ideja za projekte i aktivnosti mobilnosti usmjerene na teme koje se ti\u010du klimatskih promjena i odr\u017eivosti<\/li>\n<\/ul>\n<p>O\u010dekivani rezultati konferencije su sljede\u0107i:<\/p>\n<ul>\n<li>sudionici \u0107e razviti metode za provo\u0111enje projekata koji se bave odr\u017eivosti, a dotaknut \u0107e se i koncepta blended mobility koji kombinira virtualnu i fizi\u010dku mobilnost putem eTwinning platforme<\/li>\n<li>uz pomo\u0107 stru\u010dnjaka sudionici \u0107e raspravljati o na\u010dinima na koje se tema za\u0161tite okoli\u0161a mo\u017ee uklju\u010diti u projekte i svakodnevni rad \u0161kole<\/li>\n<\/ul>\n<p>Vi\u0161e informacija na sljede\u0107oj <a href=\"https:\/\/ampeu.hr\/natjecaji\/poziv-na-prijavu-za-sudjelovanje-na-konferenciji-uzivo-erasmus-green-mobility-green-schools\" target=\"_blank\" rel=\"noopener\">poveznici.<\/a><\/p>","protected":false},"excerpt":{"rendered":"<p>Agencija za mobilnost i programe Europske unije poziva na prijavu za sudjelovanje na konferenciji pod nazivom \u201cErasmus + green mobility + green schools\u201d A European Conference on Climate protection and Sustainability in School Education, koji \u0107e se odr\u017eati od 4. do 6. svibnja 2022. u Potsdamu u Njema\u010dkoj u organizaciji njema\u010dke nacionalne Erasmus+ agencije. Teme [&hellip;]<\/p>","protected":false},"author":2,"featured_media":6863,"comment_status":"closed","ping_status":"closed","sticky":false,"template":"","format":"standard","meta":{"_et_pb_use_builder":"","_et_pb_old_content":"","_et_gb_content_width":"","footnotes":""},"categories":[4],"tags":[],"class_list":["post-6862","post","type-post","status-publish","format-standard","has-post-thumbnail","hentry","category-vijesti"],"_links":{"self":[{"href":"https:\/\/www.ra-vsz.hr\/en\/wp-json\/wp\/v2\/posts\/6862","targetHints":{"allow":["GET"]}}],"collection":[{"href":"https:\/\/www.ra-vsz.hr\/en\/wp-json\/wp\/v2\/posts"}],"about":[{"href":"https:\/\/www.ra-vsz.hr\/en\/wp-json\/wp\/v2\/types\/post"}],"author":[{"embeddable":true,"href":"https:\/\/www.ra-vsz.hr\/en\/wp-json\/wp\/v2\/users\/2"}],"replies":[{"embeddable":true,"href":"https:\/\/www.ra-vsz.hr\/en\/wp-json\/wp\/v2\/comments?post=6862"}],"version-history":[{"count":1,"href":"https:\/\/www.ra-vsz.hr\/en\/wp-json\/wp\/v2\/posts\/6862\/revisions"}],"predecessor-version":[{"id":10840,"href":"https:\/\/www.ra-vsz.hr\/en\/wp-json\/wp\/v2\/posts\/6862\/revisions\/10840"}],"wp:featuredmedia":[{"embeddable":true,"href":"https:\/\/www.ra-vsz.hr\/en\/wp-json\/"}],"wp:attachment":[{"href":"https:\/\/www.ra-vsz.hr\/en\/wp-json\/wp\/v2\/media?parent=6862"}],"wp:term":[{"taxonomy":"category","embeddable":true,"href":"https:\/\/www.ra-vsz.hr\/en\/wp-json\/wp\/v2\/categories?post=6862"},{"taxonomy":"post_tag","embeddable":true,"href":"https:\/\/www.ra-vsz.hr\/en\/wp-json\/wp\/v2\/tags?post=6862"}],"curies":[{"name":"wp","href":"https:\/\/api.w.org\/{rel}","templated":true}]}}