{"id":6821,"date":"2022-01-21T11:44:59","date_gmt":"2022-01-21T09:44:59","guid":{"rendered":"https:\/\/www.ra-vsz.hr\/?p=6821"},"modified":"2023-01-30T19:08:52","modified_gmt":"2023-01-30T19:08:52","slug":"javni-poziv-za-financiranje-sufinanciranje-aktivnosti-psiholoskog-i-socijalnog-osnazivanja-te-podizanja-kvalitete-zivljenja-hrvatskih-branitelja-iz-domovinskog-rata-i-clanova-njihovih-obitelji-te-stra","status":"publish","type":"post","link":"https:\/\/www.ra-vsz.hr\/en\/javni-poziv-za-financiranje-sufinanciranje-aktivnosti-psiholoskog-i-socijalnog-osnazivanja-te-podizanja-kvalitete-zivljenja-hrvatskih-branitelja-iz-domovinskog-rata-i-clanova-njihovih-obitelji-te-stra\/","title":{"rendered":"Javni poziv za financiranje\/sufinanciranje aktivnosti psiholo\u0161kog i socijalnog osna\u017eivanja te podizanja kvalitete \u017eivljenja hrvatskih branitelja iz Domovinskog rata i \u010dlanova njihovih obitelji te stradalnika iz Domovinskog rata i aktivnosti promicanja vrijednosti Domovinskog rata u 2022. godini"},"content":{"rendered":"<p>Ministarstvo hrvatskih branitelja objavljuje <a href=\"https:\/\/branitelji.gov.hr\/o-ministarstvu-15\/javne-rasprave\/javni-pozivi\/aktualni-javni-pozivi\/919\" target=\"_blank\" rel=\"noopener\"><strong>Javni poziv<\/strong><\/a>\u00a0za financiranje\/sufinanciranje aktivnosti psiholo\u0161kog i socijalnog osna\u017eivanja te podizanja kvalitete \u017eivljenja hrvatskih branitelja iz Domovinskog rata i \u010dlanova njihovih obitelji te stradalnika iz Domovinskog rata i aktivnosti promicanja vrijednosti Domovinskog rata u 2022. godini.<br \/>\nNavedeni javni poziv otvoren je u razdoblju od 20. sije\u010dnja do 18. velja\u010de 2022. godine<\/p>","protected":false},"excerpt":{"rendered":"<p>Ministarstvo hrvatskih branitelja objavljuje Javni poziv\u00a0za financiranje\/sufinanciranje aktivnosti psiholo\u0161kog i socijalnog osna\u017eivanja te podizanja kvalitete \u017eivljenja hrvatskih branitelja iz Domovinskog rata i \u010dlanova njihovih obitelji te stradalnika iz Domovinskog rata i aktivnosti promicanja vrijednosti Domovinskog rata u 2022. godini. Navedeni javni poziv otvoren je u razdoblju od 20. sije\u010dnja do 18. velja\u010de 2022. godine<\/p>","protected":false},"author":2,"featured_media":6744,"comment_status":"closed","ping_status":"closed","sticky":false,"template":"","format":"standard","meta":{"_et_pb_use_builder":"","_et_pb_old_content":"","_et_gb_content_width":"","footnotes":""},"categories":[4],"tags":[],"class_list":["post-6821","post","type-post","status-publish","format-standard","has-post-thumbnail","hentry","category-vijesti"],"_links":{"self":[{"href":"https:\/\/www.ra-vsz.hr\/en\/wp-json\/wp\/v2\/posts\/6821","targetHints":{"allow":["GET"]}}],"collection":[{"href":"https:\/\/www.ra-vsz.hr\/en\/wp-json\/wp\/v2\/posts"}],"about":[{"href":"https:\/\/www.ra-vsz.hr\/en\/wp-json\/wp\/v2\/types\/post"}],"author":[{"embeddable":true,"href":"https:\/\/www.ra-vsz.hr\/en\/wp-json\/wp\/v2\/users\/2"}],"replies":[{"embeddable":true,"href":"https:\/\/www.ra-vsz.hr\/en\/wp-json\/wp\/v2\/comments?post=6821"}],"version-history":[{"count":1,"href":"https:\/\/www.ra-vsz.hr\/en\/wp-json\/wp\/v2\/posts\/6821\/revisions"}],"predecessor-version":[{"id":10833,"href":"https:\/\/www.ra-vsz.hr\/en\/wp-json\/wp\/v2\/posts\/6821\/revisions\/10833"}],"wp:featuredmedia":[{"embeddable":true,"href":"https:\/\/www.ra-vsz.hr\/en\/wp-json\/"}],"wp:attachment":[{"href":"https:\/\/www.ra-vsz.hr\/en\/wp-json\/wp\/v2\/media?parent=6821"}],"wp:term":[{"taxonomy":"category","embeddable":true,"href":"https:\/\/www.ra-vsz.hr\/en\/wp-json\/wp\/v2\/categories?post=6821"},{"taxonomy":"post_tag","embeddable":true,"href":"https:\/\/www.ra-vsz.hr\/en\/wp-json\/wp\/v2\/tags?post=6821"}],"curies":[{"name":"wp","href":"https:\/\/api.w.org\/{rel}","templated":true}]}}