{"id":6804,"date":"2022-01-19T14:29:18","date_gmt":"2022-01-19T12:29:18","guid":{"rendered":"https:\/\/www.ra-vsz.hr\/?p=6804"},"modified":"2023-01-30T19:08:20","modified_gmt":"2023-01-30T19:08:20","slug":"javni-poziv-za-sufinanciranje-audiovizualnih-djela-o-domovinskom-ratu-u-2022-godini","status":"publish","type":"post","link":"https:\/\/www.ra-vsz.hr\/en\/javni-poziv-za-sufinanciranje-audiovizualnih-djela-o-domovinskom-ratu-u-2022-godini\/","title":{"rendered":"Javni poziv za sufinanciranje audiovizualnih djela o Domovinskom ratu u 2022. godini"},"content":{"rendered":"<p>S ciljem o\u010duvanja ste\u010devina i ubla\u017eavanja negativnih posljedica Domovinskog rata kroz poticanje stvaranja audiovizualnih djela o Domovinskom ratu, Ministarstvo hrvatskih branitelja objavljuje <a href=\"https:\/\/branitelji.gov.hr\/o-ministarstvu-15\/javne-rasprave\/javni-pozivi\/aktualni-javni-pozivi\/919\" target=\"_blank\" rel=\"noopener\">Javni poziv za sufinanciranje audiovizualnih djela o Domovinskom ratu<\/a> sredstvima Dr\u017eavnog prora\u010duna Republike Hrvatske u 2022. godini. Navedeni javni poziv otvoren je u razdoblju od 19. sije\u010dnja do 18. velja\u010de 2022. godine<\/p>","protected":false},"excerpt":{"rendered":"<p>S ciljem o\u010duvanja ste\u010devina i ubla\u017eavanja negativnih posljedica Domovinskog rata kroz poticanje stvaranja audiovizualnih djela o Domovinskom ratu, Ministarstvo hrvatskih branitelja objavljuje Javni poziv za sufinanciranje audiovizualnih djela o Domovinskom ratu sredstvima Dr\u017eavnog prora\u010duna Republike Hrvatske u 2022. godini. Navedeni javni poziv otvoren je u razdoblju od 19. sije\u010dnja do 18. velja\u010de 2022. godine<\/p>","protected":false},"author":2,"featured_media":6744,"comment_status":"closed","ping_status":"closed","sticky":false,"template":"","format":"standard","meta":{"_et_pb_use_builder":"","_et_pb_old_content":"","_et_gb_content_width":"","footnotes":""},"categories":[4],"tags":[],"class_list":["post-6804","post","type-post","status-publish","format-standard","has-post-thumbnail","hentry","category-vijesti"],"_links":{"self":[{"href":"https:\/\/www.ra-vsz.hr\/en\/wp-json\/wp\/v2\/posts\/6804","targetHints":{"allow":["GET"]}}],"collection":[{"href":"https:\/\/www.ra-vsz.hr\/en\/wp-json\/wp\/v2\/posts"}],"about":[{"href":"https:\/\/www.ra-vsz.hr\/en\/wp-json\/wp\/v2\/types\/post"}],"author":[{"embeddable":true,"href":"https:\/\/www.ra-vsz.hr\/en\/wp-json\/wp\/v2\/users\/2"}],"replies":[{"embeddable":true,"href":"https:\/\/www.ra-vsz.hr\/en\/wp-json\/wp\/v2\/comments?post=6804"}],"version-history":[{"count":1,"href":"https:\/\/www.ra-vsz.hr\/en\/wp-json\/wp\/v2\/posts\/6804\/revisions"}],"predecessor-version":[{"id":10830,"href":"https:\/\/www.ra-vsz.hr\/en\/wp-json\/wp\/v2\/posts\/6804\/revisions\/10830"}],"wp:featuredmedia":[{"embeddable":true,"href":"https:\/\/www.ra-vsz.hr\/en\/wp-json\/"}],"wp:attachment":[{"href":"https:\/\/www.ra-vsz.hr\/en\/wp-json\/wp\/v2\/media?parent=6804"}],"wp:term":[{"taxonomy":"category","embeddable":true,"href":"https:\/\/www.ra-vsz.hr\/en\/wp-json\/wp\/v2\/categories?post=6804"},{"taxonomy":"post_tag","embeddable":true,"href":"https:\/\/www.ra-vsz.hr\/en\/wp-json\/wp\/v2\/tags?post=6804"}],"curies":[{"name":"wp","href":"https:\/\/api.w.org\/{rel}","templated":true}]}}