{"id":6800,"date":"2022-01-19T14:26:59","date_gmt":"2022-01-19T12:26:59","guid":{"rendered":"https:\/\/www.ra-vsz.hr\/?p=6800"},"modified":"2023-01-30T19:07:09","modified_gmt":"2023-01-30T19:07:09","slug":"javni-poziv-za-sufinanciranje-troskova-obrazovanja","status":"publish","type":"post","link":"https:\/\/www.ra-vsz.hr\/en\/javni-poziv-za-sufinanciranje-troskova-obrazovanja\/","title":{"rendered":"Javni poziv za sufinanciranje tro\u0161kova obrazovanja"},"content":{"rendered":"<p>U cilju provedbe Programa stru\u010dnog osposobljavanja i zapo\u0161ljavanja hrvatskih branitelja i \u010dlanova njihovih obitelji za razdoblje od 2021. do 2023. godine, Ministarstvo hrvatskih branitelja objavilo je <strong>Javni poziv za sufinanciranje tro\u0161kova obrazovanja \u00a0u 2022. godini<\/strong>\u00a0koji \u0107e biti otvoren u razdoblju od 19. sije\u010dnja do 17. velja\u010de 2021. godine.<\/p>\n<p>Tekst javnog poziva, kao i pripadaju\u0107i obrazac zahtjeva, dostupni su na mre\u017enoj \u00a0stranici Ministarstva hrvatskih branitelja u dijelu\u00a0<a href=\"https:\/\/branitelji.gov.hr\/o-ministarstvu-15\/javne-rasprave\/javni-pozivi\/aktualni-javni-pozivi\/919\" target=\"_blank\" rel=\"noopener\"><em>Aktualni javni pozivi<\/em><\/a>, u Ministarstvu hrvatskih branitelja te u Podru\u010dnim odjelima\u00a0<a href=\"https:\/\/branitelji.gov.hr\/o-ministarstvu\/djelokrug-ministarstva-925\/direktna-komunikacija-959\/centri-za-psihosocijalnu-pomoc-i-podrucne-jedinice-ministarstva-731\/731\" target=\"_blank\" rel=\"noopener\"><em>\u00a0<\/em><em>Ministarstva u \u017eupanijama<\/em><\/a>.<\/p>","protected":false},"excerpt":{"rendered":"<p>U cilju provedbe Programa stru\u010dnog osposobljavanja i zapo\u0161ljavanja hrvatskih branitelja i \u010dlanova njihovih obitelji za razdoblje od 2021. do 2023. godine, Ministarstvo hrvatskih branitelja objavilo je Javni poziv za sufinanciranje tro\u0161kova obrazovanja \u00a0u 2022. godini\u00a0koji \u0107e biti otvoren u razdoblju od 19. sije\u010dnja do 17. velja\u010de 2021. godine. Tekst javnog poziva, kao i pripadaju\u0107i obrazac [&hellip;]<\/p>","protected":false},"author":2,"featured_media":6744,"comment_status":"closed","ping_status":"closed","sticky":false,"template":"","format":"standard","meta":{"_et_pb_use_builder":"","_et_pb_old_content":"","_et_gb_content_width":"","footnotes":""},"categories":[4],"tags":[],"class_list":["post-6800","post","type-post","status-publish","format-standard","has-post-thumbnail","hentry","category-vijesti"],"_links":{"self":[{"href":"https:\/\/www.ra-vsz.hr\/en\/wp-json\/wp\/v2\/posts\/6800","targetHints":{"allow":["GET"]}}],"collection":[{"href":"https:\/\/www.ra-vsz.hr\/en\/wp-json\/wp\/v2\/posts"}],"about":[{"href":"https:\/\/www.ra-vsz.hr\/en\/wp-json\/wp\/v2\/types\/post"}],"author":[{"embeddable":true,"href":"https:\/\/www.ra-vsz.hr\/en\/wp-json\/wp\/v2\/users\/2"}],"replies":[{"embeddable":true,"href":"https:\/\/www.ra-vsz.hr\/en\/wp-json\/wp\/v2\/comments?post=6800"}],"version-history":[{"count":1,"href":"https:\/\/www.ra-vsz.hr\/en\/wp-json\/wp\/v2\/posts\/6800\/revisions"}],"predecessor-version":[{"id":10829,"href":"https:\/\/www.ra-vsz.hr\/en\/wp-json\/wp\/v2\/posts\/6800\/revisions\/10829"}],"wp:featuredmedia":[{"embeddable":true,"href":"https:\/\/www.ra-vsz.hr\/en\/wp-json\/"}],"wp:attachment":[{"href":"https:\/\/www.ra-vsz.hr\/en\/wp-json\/wp\/v2\/media?parent=6800"}],"wp:term":[{"taxonomy":"category","embeddable":true,"href":"https:\/\/www.ra-vsz.hr\/en\/wp-json\/wp\/v2\/categories?post=6800"},{"taxonomy":"post_tag","embeddable":true,"href":"https:\/\/www.ra-vsz.hr\/en\/wp-json\/wp\/v2\/tags?post=6800"}],"curies":[{"name":"wp","href":"https:\/\/api.w.org\/{rel}","templated":true}]}}