{"id":6793,"date":"2022-01-19T14:08:30","date_gmt":"2022-01-19T12:08:30","guid":{"rendered":"https:\/\/www.ra-vsz.hr\/?p=6793"},"modified":"2023-01-30T19:06:48","modified_gmt":"2023-01-30T19:06:48","slug":"odrzana-3-sjednica-koordinacije-zupana-gradonacelnika-i-nacelnika-vsz","status":"publish","type":"post","link":"https:\/\/www.ra-vsz.hr\/en\/odrzana-3-sjednica-koordinacije-zupana-gradonacelnika-i-nacelnika-vsz\/","title":{"rendered":"Odr\u017eana 3. sjednica Koordinacije \u017eupana, gradona\u010delnika i na\u010delnika VS\u017d"},"content":{"rendered":"<p>U velikoj \u017eupanijskoj vije\u0107nici u Vinkovcima danas je odr\u017eana 3. sjednica Koordinacije \u017eupana, gradona\u010delnika i na\u010delnika Vukovarsko-srijemske \u017eupanije na kojoj su predstavljene mogu\u0107nosti financiranja iz ESI fondova u financijskoj perspektivi 2021.-2027. &#8211; Operativni program konkurentnost i kohezija te mogu\u0107nosti financiranja kroz Nacionalni plan oporavka i otpornosti.<\/p>\n<p>Naglasak je bio na trenutno otvorenom Pozivu za dodjelu bespovratnih sredstava &#8220;Priprema projektno-tehni\u010dke dokumentacije za projekte u podru\u010dju digitalne transformacije i zelene tranzicije&#8221; kojemu je cilj pripremiti zalihu zrelih projekata za daljnje financiranje. Prihvatljivi prijavitelji\/partneri su subjekti javnog sektora.<\/p>\n<p>Ispred Razvojne agencije Vukovarsko-srijemske \u017eupanije izvjestiteljica je ravnateljica, g\u0111a Zrinka \u010cobankovi\u0107 i voditeljica Odjela za pripremu programa i projekata g\u0111a Zrinka Lon\u010dar.<\/p>","protected":false},"excerpt":{"rendered":"<p>U velikoj \u017eupanijskoj vije\u0107nici u Vinkovcima danas je odr\u017eana 3. sjednica Koordinacije \u017eupana, gradona\u010delnika i na\u010delnika Vukovarsko-srijemske \u017eupanije na kojoj su predstavljene mogu\u0107nosti financiranja iz ESI fondova u financijskoj perspektivi 2021.-2027. &#8211; Operativni program konkurentnost i kohezija te mogu\u0107nosti financiranja kroz Nacionalni plan oporavka i otpornosti. Naglasak je bio na trenutno otvorenom Pozivu za dodjelu [&hellip;]<\/p>","protected":false},"author":2,"featured_media":6794,"comment_status":"closed","ping_status":"closed","sticky":false,"template":"","format":"standard","meta":{"_et_pb_use_builder":"","_et_pb_old_content":"","_et_gb_content_width":"","footnotes":""},"categories":[4],"tags":[],"class_list":["post-6793","post","type-post","status-publish","format-standard","has-post-thumbnail","hentry","category-vijesti"],"_links":{"self":[{"href":"https:\/\/www.ra-vsz.hr\/en\/wp-json\/wp\/v2\/posts\/6793","targetHints":{"allow":["GET"]}}],"collection":[{"href":"https:\/\/www.ra-vsz.hr\/en\/wp-json\/wp\/v2\/posts"}],"about":[{"href":"https:\/\/www.ra-vsz.hr\/en\/wp-json\/wp\/v2\/types\/post"}],"author":[{"embeddable":true,"href":"https:\/\/www.ra-vsz.hr\/en\/wp-json\/wp\/v2\/users\/2"}],"replies":[{"embeddable":true,"href":"https:\/\/www.ra-vsz.hr\/en\/wp-json\/wp\/v2\/comments?post=6793"}],"version-history":[{"count":1,"href":"https:\/\/www.ra-vsz.hr\/en\/wp-json\/wp\/v2\/posts\/6793\/revisions"}],"predecessor-version":[{"id":10828,"href":"https:\/\/www.ra-vsz.hr\/en\/wp-json\/wp\/v2\/posts\/6793\/revisions\/10828"}],"wp:featuredmedia":[{"embeddable":true,"href":"https:\/\/www.ra-vsz.hr\/en\/wp-json\/"}],"wp:attachment":[{"href":"https:\/\/www.ra-vsz.hr\/en\/wp-json\/wp\/v2\/media?parent=6793"}],"wp:term":[{"taxonomy":"category","embeddable":true,"href":"https:\/\/www.ra-vsz.hr\/en\/wp-json\/wp\/v2\/categories?post=6793"},{"taxonomy":"post_tag","embeddable":true,"href":"https:\/\/www.ra-vsz.hr\/en\/wp-json\/wp\/v2\/tags?post=6793"}],"curies":[{"name":"wp","href":"https:\/\/api.w.org\/{rel}","templated":true}]}}