{"id":6781,"date":"2022-01-18T15:17:29","date_gmt":"2022-01-18T13:17:29","guid":{"rendered":"https:\/\/www.ra-vsz.hr\/?p=6781"},"modified":"2023-01-30T19:06:21","modified_gmt":"2023-01-30T19:06:21","slug":"kohezijska-politika-eu-a-komisija-objavila-poziv-na-podnosenje-prijedloga-u-vrijednosti-od-milijun-eura-za-visoka-ucilista-za-novinarstvo","status":"publish","type":"post","link":"https:\/\/www.ra-vsz.hr\/en\/kohezijska-politika-eu-a-komisija-objavila-poziv-na-podnosenje-prijedloga-u-vrijednosti-od-milijun-eura-za-visoka-ucilista-za-novinarstvo\/","title":{"rendered":"Kohezijska politika EU-a: Komisija objavila poziv na podno\u0161enje prijedloga u vrijednosti od milijun eura za visoka u\u010dili\u0161ta za novinarstvo"},"content":{"rendered":"<p>Komisija je objavila poziv na podno\u0161enje prijedloga za izradu kurikuluma i nastavnih materijala za kolegij o Europskoj uniji i kohezijskoj politici EU-a za budu\u0107e novinare.<\/p>\n<p>Povjerenica za koheziju i reforme\u00a0<strong>Elisa Ferreira<\/strong>\u00a0izjavila je:\u00a0<em>Ovaj poziv odli\u010dna je prilika za poticanje akademske rasprave o EU-u i kohezijskoj politici, kao i za pobolj\u0161anje razine znanja studenata i poticanje suradnje izme\u0111u sveu\u010dili\u0161ta i drugih institucija u EU-u.<\/em><\/p>\n<p>Korisnici \u0107e morati pripremiti razvojnu strategiju, stvoriti mre\u017eu visokih u\u010dili\u0161ta i razviti obrazovne metode. Prijedloge mogu podnositi sveu\u010dili\u0161ta i druge ustanove na kojima se podu\u010dava novinarstvo na preddiplomskoj i diplomskoj razini. Podnositelji zahtjeva moraju biti smje\u0161teni u zemlji \u010dlanici EU-a i akreditirani u skladu sa zakonodavstvom te zemlje.<\/p>\n<p>Komisija \u0107e pokriti 95 % tro\u0161kova projekta. Rok za prijavu je 21. travnja 2022. u 13:00 sati po srednjoeuropskom vremenu. Komisija o\u010dekuje da \u0107e rezultate poziva objaviti u lipnju 2022. Dodatne pojedinosti dostupne su na\u00a0<a href=\"https:\/\/ec.europa.eu\/regional_policy\/fr\/newsroom\/funding-opportunities\/calls-for-proposal\/\" target=\"_blank\" rel=\"noopener\">web-mjestu Komisije<\/a>.<\/p>","protected":false},"excerpt":{"rendered":"<p>Komisija je objavila poziv na podno\u0161enje prijedloga za izradu kurikuluma i nastavnih materijala za kolegij o Europskoj uniji i kohezijskoj politici EU-a za budu\u0107e novinare. Povjerenica za koheziju i reforme\u00a0Elisa Ferreira\u00a0izjavila je:\u00a0Ovaj poziv odli\u010dna je prilika za poticanje akademske rasprave o EU-u i kohezijskoj politici, kao i za pobolj\u0161anje razine znanja studenata i poticanje suradnje [&hellip;]<\/p>","protected":false},"author":2,"featured_media":6782,"comment_status":"closed","ping_status":"closed","sticky":false,"template":"","format":"standard","meta":{"_et_pb_use_builder":"","_et_pb_old_content":"","_et_gb_content_width":"","footnotes":""},"categories":[4],"tags":[],"class_list":["post-6781","post","type-post","status-publish","format-standard","has-post-thumbnail","hentry","category-vijesti"],"_links":{"self":[{"href":"https:\/\/www.ra-vsz.hr\/en\/wp-json\/wp\/v2\/posts\/6781","targetHints":{"allow":["GET"]}}],"collection":[{"href":"https:\/\/www.ra-vsz.hr\/en\/wp-json\/wp\/v2\/posts"}],"about":[{"href":"https:\/\/www.ra-vsz.hr\/en\/wp-json\/wp\/v2\/types\/post"}],"author":[{"embeddable":true,"href":"https:\/\/www.ra-vsz.hr\/en\/wp-json\/wp\/v2\/users\/2"}],"replies":[{"embeddable":true,"href":"https:\/\/www.ra-vsz.hr\/en\/wp-json\/wp\/v2\/comments?post=6781"}],"version-history":[{"count":1,"href":"https:\/\/www.ra-vsz.hr\/en\/wp-json\/wp\/v2\/posts\/6781\/revisions"}],"predecessor-version":[{"id":10826,"href":"https:\/\/www.ra-vsz.hr\/en\/wp-json\/wp\/v2\/posts\/6781\/revisions\/10826"}],"wp:featuredmedia":[{"embeddable":true,"href":"https:\/\/www.ra-vsz.hr\/en\/wp-json\/"}],"wp:attachment":[{"href":"https:\/\/www.ra-vsz.hr\/en\/wp-json\/wp\/v2\/media?parent=6781"}],"wp:term":[{"taxonomy":"category","embeddable":true,"href":"https:\/\/www.ra-vsz.hr\/en\/wp-json\/wp\/v2\/categories?post=6781"},{"taxonomy":"post_tag","embeddable":true,"href":"https:\/\/www.ra-vsz.hr\/en\/wp-json\/wp\/v2\/tags?post=6781"}],"curies":[{"name":"wp","href":"https:\/\/api.w.org\/{rel}","templated":true}]}}