{"id":6731,"date":"2022-01-14T08:49:45","date_gmt":"2022-01-14T06:49:45","guid":{"rendered":"https:\/\/www.ra-vsz.hr\/?p=6731"},"modified":"2023-01-30T19:04:24","modified_gmt":"2023-01-30T19:04:24","slug":"2022-europska-godina-mladih","status":"publish","type":"post","link":"https:\/\/www.ra-vsz.hr\/en\/2022-europska-godina-mladih\/","title":{"rendered":"2022. \u2013 Europska godina mladih"},"content":{"rendered":"<p>EU prepoznaje va\u017enost dobrobiti mladih, njihovog razvoja, anga\u017emana i sudjelovanja u dru\u0161tvu. Zato je pokrenuo brojne programe i inicijative za mlade, od poznatog i popularnog programa razmjene <a href=\"https:\/\/www.europarl.europa.eu\/news\/hr\/headlines\/priorities\/erasmus\" target=\"_blank\" rel=\"noopener\"><strong>Erasmus<\/strong><\/a>, koji je zapo\u010deo 1987., do sudjelovanja u <a href=\"https:\/\/www.europarl.europa.eu\/news\/hr\/headlines\/priorities\/konferencija-o-buducnosti-europe\" target=\"_blank\" rel=\"noopener\"><strong>Konferenciji o budu\u0107nosti Europe<\/strong><\/a>, gdje je tre\u0107ina sudionika panela gra\u0111ana mla\u0111a od 25 godina.<\/p>\n<p>Saznajte vi\u0161e <a href=\"https:\/\/www.europarl.europa.eu\/news\/hr\/headlines\/priorities\/socijalna-ukljucenost\/20171201STO89305\/mjere-europske-unije-za-zaposljavanje-mladih\" target=\"_blank\" rel=\"noopener\">mjerama EU-a za zapo\u0161ljavanje mladih<\/a>.<\/p>\n<p>Ove godine EU stavlja poseban fokus na mlade. Cilj je uklju\u010diti njih i njihove prioritete u oblikovanje politika te organizirati aktivnosti usmjerene na mlade diljem EU-a.<\/p>\n<p><strong>Mladi u Europi<\/strong><\/p>\n<ul>\n<li>svaka \u0161esta osoba u Europi ima izme\u0111u 15 i 29 godina<\/li>\n<li>svaka tre\u0107a osoba u 2019. provela je najmanje dva tjedna u inozemstvu zbog posla, osposobljavanja ili obrazovanja<\/li>\n<li>75 posto ima pozitivno mi\u0161ljenje o Europskoj uniji i demokraciji.<\/li>\n<\/ul>\n<p>Na zahtjev Parlamenta, posebna pozornost posvetit \u0107e se mladima s manje mogu\u0107nosti i rje\u0161avanju problema mentalnog zdravlja. Tijekom godine pokrenut \u0107e se <a href=\"https:\/\/ec.europa.eu\/social\/main.jsp?catId=1549&amp;langId=hr\" target=\"_blank\" rel=\"noopener\">novi projekt ALMA<\/a> za promicanje prekograni\u010dne mobilnosti mladih u nepovoljnom polo\u017eaju.<\/p>\n<p>Korona kriza je znatno utjecala na mlade koji su ostali bez poslova i osjetili posljedice na svoje mentalno i emocionalno zdravlje. EU je zato odlu\u010dio dati prioritet pitanjima koja se ti\u010du mladih kako bi pobolj\u0161ao njihove izglede za budu\u0107nost.<\/p>\n<p><strong>Inicijative EU-a za mlade<\/strong><\/p>\n<ul>\n<li><a href=\"https:\/\/european-youth-event.europarl.europa.eu\/en\/\" target=\"_blank\" rel=\"noopener\">Europski skup mladih<\/a> doga\u0111anje je Europskog parlamenta koje mladima pru\u017ea priliku za me\u0111usobno upoznavanje, raspravu sa stvarateljima politika EU-a i izno\u0161enje ideja o budu\u0107nosti Europe<\/li>\n<li><a href=\"https:\/\/visiting.europarl.europa.eu\/hr\/education-learning?ageFrom=10&amp;ageTo=16\" target=\"_blank\" rel=\"noopener\">Posjet Europskom parlamentu<\/a> i sudjelovanje u raznim aktivnostima kroz koje se mo\u017ee saznati vi\u0161e o EU-u<\/li>\n<li>Zahvaljuju\u0107i programu <a href=\"https:\/\/www.europarl.europa.eu\/ambassador-school\/hr\/index.html\" target=\"_blank\" rel=\"noopener\">\u0160kola ambasador Europskog parlamenta<\/a> u\u010denici u srednjim i strukovnim \u0161kolama kroz razne aktivnosti u\u010de o europskoj demokraciji i vrijednostima te ulozi koju mogu imati u EU-u<\/li>\n<li><a href=\"https:\/\/www.europarl.europa.eu\/charlemagneyouthprize\/hr\/introduction.html\" target=\"_blank\" rel=\"noopener\">Europska nagrada za mlade Karlo Veliki<\/a> svake se godine dodjeljuje projektima kojima se promi\u010de europsko i me\u0111unarodno razumijevanje i poti\u010de osje\u0107aj europskog identiteta i integracije<\/li>\n<li><a href=\"https:\/\/europa.eu\/youth\/home_hr\" target=\"_blank\" rel=\"noopener\">Europski portal za mlade<\/a> pru\u017ea informacije o mogu\u0107nostima i inicijativama na europskoj i nacionalnoj razini vezanim uz obrazovanje, volontiranje, rad, putovanja, demokratsko sudjelovanje, odr\u017eivi razvoj i sli\u010dno.<\/li>\n<\/ul>","protected":false},"excerpt":{"rendered":"<p>EU prepoznaje va\u017enost dobrobiti mladih, njihovog razvoja, anga\u017emana i sudjelovanja u dru\u0161tvu. Zato je pokrenuo brojne programe i inicijative za mlade, od poznatog i popularnog programa razmjene Erasmus, koji je zapo\u010deo 1987., do sudjelovanja u Konferenciji o budu\u0107nosti Europe, gdje je tre\u0107ina sudionika panela gra\u0111ana mla\u0111a od 25 godina. Saznajte vi\u0161e mjerama EU-a za zapo\u0161ljavanje [&hellip;]<\/p>","protected":false},"author":2,"featured_media":6732,"comment_status":"closed","ping_status":"closed","sticky":false,"template":"","format":"standard","meta":{"_et_pb_use_builder":"","_et_pb_old_content":"","_et_gb_content_width":"","footnotes":""},"categories":[4],"tags":[],"class_list":["post-6731","post","type-post","status-publish","format-standard","has-post-thumbnail","hentry","category-vijesti"],"_links":{"self":[{"href":"https:\/\/www.ra-vsz.hr\/en\/wp-json\/wp\/v2\/posts\/6731","targetHints":{"allow":["GET"]}}],"collection":[{"href":"https:\/\/www.ra-vsz.hr\/en\/wp-json\/wp\/v2\/posts"}],"about":[{"href":"https:\/\/www.ra-vsz.hr\/en\/wp-json\/wp\/v2\/types\/post"}],"author":[{"embeddable":true,"href":"https:\/\/www.ra-vsz.hr\/en\/wp-json\/wp\/v2\/users\/2"}],"replies":[{"embeddable":true,"href":"https:\/\/www.ra-vsz.hr\/en\/wp-json\/wp\/v2\/comments?post=6731"}],"version-history":[{"count":1,"href":"https:\/\/www.ra-vsz.hr\/en\/wp-json\/wp\/v2\/posts\/6731\/revisions"}],"predecessor-version":[{"id":10819,"href":"https:\/\/www.ra-vsz.hr\/en\/wp-json\/wp\/v2\/posts\/6731\/revisions\/10819"}],"wp:featuredmedia":[{"embeddable":true,"href":"https:\/\/www.ra-vsz.hr\/en\/wp-json\/"}],"wp:attachment":[{"href":"https:\/\/www.ra-vsz.hr\/en\/wp-json\/wp\/v2\/media?parent=6731"}],"wp:term":[{"taxonomy":"category","embeddable":true,"href":"https:\/\/www.ra-vsz.hr\/en\/wp-json\/wp\/v2\/categories?post=6731"},{"taxonomy":"post_tag","embeddable":true,"href":"https:\/\/www.ra-vsz.hr\/en\/wp-json\/wp\/v2\/tags?post=6731"}],"curies":[{"name":"wp","href":"https:\/\/api.w.org\/{rel}","templated":true}]}}