{"id":6726,"date":"2022-01-13T14:12:29","date_gmt":"2022-01-13T12:12:29","guid":{"rendered":"https:\/\/www.ra-vsz.hr\/?p=6726"},"modified":"2023-01-30T19:04:13","modified_gmt":"2023-01-30T19:04:13","slug":"otvoren-natjecaj-za-organizaciju-proslave-dana-europe-u-hrvatskoj","status":"publish","type":"post","link":"https:\/\/www.ra-vsz.hr\/en\/otvoren-natjecaj-za-organizaciju-proslave-dana-europe-u-hrvatskoj\/","title":{"rendered":"Otvoren natje\u010daj za organizaciju proslave Dana Europe u Hrvatskoj"},"content":{"rendered":"<p>Predstavni\u0161tvo Europske komisije u Hrvatskoj poziva sve mlade osobe izme\u0111u 16 i 27 godina da se prijave na natje\u010daj za organizaciju proslave Dana Europe u Hrvatskoj. Svi koji se prijave trebaju dostaviti svoj <strong>idejni i kreativni prijedlog u obliku prezentacije koji \u0107e sadr\u017eavati prijedlog jedne ili vi\u0161e aktivnosti kojima \u0107e se proslaviti Dan Europe.<\/strong><\/p>\n<p>Prijedlozi moraju biti povezani s\u00a0<strong>temama i politikama Europske komisije<\/strong>\u00a0te biti naju\u010dinkovitiji za komunikaciju prema mladima, kao \u0161to je istaknuto u\u00a0<a href=\"https:\/\/europa.eu\/youth\/strategy_hr\" target=\"_blank\" rel=\"noopener\">Strategiji EU-a za mlade<\/a>. Osim toga, predlo\u017eene aktivnosti trebaju obuhva\u0107ati\u00a0<strong>pitanja koja najvi\u0161e zaokupljaju mlade, u skladu s prioritetima istaknutima u\u00a0<\/strong><a href=\"https:\/\/youth-goals.eu\/\" target=\"_blank\" rel=\"noopener\"><strong>Ciljevima za mlade<\/strong><\/a><strong>,<\/strong>\u00a0kao \u0161to su ravnopravnost i uklju\u010divost, odr\u017eivost, mentalno zdravlje i dobrobit te kvalitetno zapo\u0161ljavanje.<\/p>\n<p>Svoje prijedloge aktivnosti za proslavu Dana Europe svi zainteresirani mogu poslati u obliku prezentacije\u00a0<strong>najkasnije do 12. velja\u010de do 12 sati na adresu e-po\u0161te\u00a0<\/strong><a href=\"mailto:comm-rep-zag-event@ec.europa.eu\"><strong>comm-rep-zag-events@ec.europa.eu<\/strong><\/a><strong>.<\/strong>\u00a0U svojoj prezentaciji prijavitelji moraju\u00a0<strong>detaljno pojasniti svoju ideju i obrazlo\u017eiti svaku stavku<\/strong>, a uvjet je da predlo\u017eene aktivnosti odgovaraju temama i politikama Europske komisije te moraju biti uklju\u010dive za mlade. Uz sadr\u017eaj, ocjenjivat \u0107e se i\u00a0<strong>kreativnost\u00a0<\/strong>te prijavitelji trebaju dostaviti prijedlog vizuala ili fotografija koje \u0107e vizualno do\u010darati predlo\u017eenu ideju kao i prijedlog naziva predlo\u017eenih aktivnosti, poput prijedloga slu\u017ebenog hashtaga (#) doga\u0111anja. Na temelju kriterija za odabir, ocjenjiva\u010dki sud sastavljen od zaposlenika Europske komisije u Hrvatskoj i Ureda Europskog parlamenta u Hrvatskoj odabrat \u0107e pobjednika\u00a0<strong>ocjenom originalnosti prijedloga i pristupa te relevantnosti sadr\u017eaja i kreativnosti.<\/strong><\/p>\n<p>Pobjednik dobiva priliku\u00a0<strong>realizirati svoju ideju i koncept proslave Dana Europe zajedno s timom organizatora i uz njegovu savjetodavnu i organizacijsku potporu,<\/strong>\u00a0a proslava Dana Europe organizirat \u0107e se koliko god to bude mogu\u0107e prema autorskoj ideji pobjedni\u010dkog tima, ovisno o tro\u0161kovima, odnosno raspolo\u017eivom prora\u010dunu. Pobjednik natje\u010daja bit \u0107e progla\u0161en 28. velja\u010de 2022. godine.<\/p>\n<p>Pravilnik natje\u010daja dostupan je na\u00a0<a href=\"https:\/\/croatia.representation.ec.europa.eu\/system\/files\/2022-01\/Uvjeti%20i%20odredbe_Natje%C4%8Daj%20za%20organizaciju%20proslave%20dana%20Europe_v2.pdf\" target=\"_blank\" rel=\"noopener\">poveznici<\/a>.<\/p>\n<p>Natje\u010daj se provodi u sklopu\u00a0<a href=\"https:\/\/europa.eu\/youth\/year-of-youth_hr\" target=\"_blank\" rel=\"noopener\"><strong>Europske godine mladih<\/strong><\/a><strong>,<\/strong>\u00a0koja ima za cilj aktivno uklju\u010diti mlade u izgradnju bolje budu\u0107nosti Europe, koja \u0107e biti zelenija, digitalnija i uklju\u010divija, te im pru\u017eiti bolje i brojnije prilike za budu\u0107nost. Europska godina mladih usko je povezana s uspje\u0161nom provedbom instrumenta\u00a0<a href=\"https:\/\/europa.eu\/next-generation-eu\/index_hr\" target=\"_blank\" rel=\"noopener\">NextGenerationEU<\/a><u>,<\/u> koji otvara nove perspektive za mlade, uklju\u010duju\u0107i kvalitetna radna mjesta i prilike za obrazovanje i osposobljavanje za Europu budu\u0107nosti te podupire sudjelovanje mladih u dru\u0161tvu.<\/p>","protected":false},"excerpt":{"rendered":"<p>Predstavni\u0161tvo Europske komisije u Hrvatskoj poziva sve mlade osobe izme\u0111u 16 i 27 godina da se prijave na natje\u010daj za organizaciju proslave Dana Europe u Hrvatskoj. Svi koji se prijave trebaju dostaviti svoj idejni i kreativni prijedlog u obliku prezentacije koji \u0107e sadr\u017eavati prijedlog jedne ili vi\u0161e aktivnosti kojima \u0107e se proslaviti Dan Europe. Prijedlozi [&hellip;]<\/p>","protected":false},"author":2,"featured_media":6727,"comment_status":"closed","ping_status":"closed","sticky":false,"template":"","format":"standard","meta":{"_et_pb_use_builder":"","_et_pb_old_content":"","_et_gb_content_width":"","footnotes":""},"categories":[4],"tags":[],"class_list":["post-6726","post","type-post","status-publish","format-standard","has-post-thumbnail","hentry","category-vijesti"],"_links":{"self":[{"href":"https:\/\/www.ra-vsz.hr\/en\/wp-json\/wp\/v2\/posts\/6726","targetHints":{"allow":["GET"]}}],"collection":[{"href":"https:\/\/www.ra-vsz.hr\/en\/wp-json\/wp\/v2\/posts"}],"about":[{"href":"https:\/\/www.ra-vsz.hr\/en\/wp-json\/wp\/v2\/types\/post"}],"author":[{"embeddable":true,"href":"https:\/\/www.ra-vsz.hr\/en\/wp-json\/wp\/v2\/users\/2"}],"replies":[{"embeddable":true,"href":"https:\/\/www.ra-vsz.hr\/en\/wp-json\/wp\/v2\/comments?post=6726"}],"version-history":[{"count":1,"href":"https:\/\/www.ra-vsz.hr\/en\/wp-json\/wp\/v2\/posts\/6726\/revisions"}],"predecessor-version":[{"id":10818,"href":"https:\/\/www.ra-vsz.hr\/en\/wp-json\/wp\/v2\/posts\/6726\/revisions\/10818"}],"wp:featuredmedia":[{"embeddable":true,"href":"https:\/\/www.ra-vsz.hr\/en\/wp-json\/"}],"wp:attachment":[{"href":"https:\/\/www.ra-vsz.hr\/en\/wp-json\/wp\/v2\/media?parent=6726"}],"wp:term":[{"taxonomy":"category","embeddable":true,"href":"https:\/\/www.ra-vsz.hr\/en\/wp-json\/wp\/v2\/categories?post=6726"},{"taxonomy":"post_tag","embeddable":true,"href":"https:\/\/www.ra-vsz.hr\/en\/wp-json\/wp\/v2\/tags?post=6726"}],"curies":[{"name":"wp","href":"https:\/\/api.w.org\/{rel}","templated":true}]}}