{"id":6716,"date":"2022-01-13T14:04:26","date_gmt":"2022-01-13T12:04:26","guid":{"rendered":"https:\/\/www.ra-vsz.hr\/?p=6716"},"modified":"2023-01-30T19:03:51","modified_gmt":"2023-01-30T19:03:51","slug":"novi-pozivi-za-potporu-infrastrukturama-za-digitalno-povezivanje-u-vrijednosti-od-258-milijuna-eura","status":"publish","type":"post","link":"https:\/\/www.ra-vsz.hr\/en\/novi-pozivi-za-potporu-infrastrukturama-za-digitalno-povezivanje-u-vrijednosti-od-258-milijuna-eura\/","title":{"rendered":"Novi pozivi za potporu infrastrukturama za digitalno povezivanje u vrijednosti od 258 milijuna eura"},"content":{"rendered":"<p>Komisija je objavila <a href=\"https:\/\/ec.europa.eu\/info\/funding-tenders\/opportunities\/portal\/screen\/opportunities\/topic-search;callCode=null;freeTextSearchKeyword=CEF-DIG-2021;matchWholeText=true;typeCodes=1,0;statusCodes=31094501,31094502,31094503;programmePeriod=null;programCcm2Id=null;programDivisionCode=null;focusAreaCode=null;destination=null;mission=null;geographicalZonesCode=null;programmeDivisionProspect=null;startDateLte=null;startDateGte=null;crossCuttingPriorityCode=null;cpvCode=null;performanceOfDelivery=null;sortQuery=sortStatus;orderBy=asc;onlyTenders=false;topicListKey=topicSearchTablePageState\" target=\"_blank\" rel=\"noopener\">prve pozive na podno\u0161enje prijedloga<\/a>\u00a0u okviru digitalne komponente\u00a0<a href=\"https:\/\/digital-strategy.ec.europa.eu\/en\/activities\/cef-digital\" target=\"_blank\" rel=\"noopener\">Instrumenta za povezivanje Europe (CEF Digital)<\/a>. S planiranim prora\u010dunom od 258 milijuna eura pozivima se nastoji pobolj\u0161ati infrastruktura za digitalno povezivanje, posebno gigabitnih i 5G mre\u017ea diljem Unije te pridonijeti digitalnoj transformaciji Europe.<\/p>\n<p>Komisija \u0107e sufinancirati mjere \u010diji je cilj opremiti glavne europske prometne pravce i pru\u017eatelje klju\u010dnih usluga u lokalnim zajednicama s 5G povezivo\u0161\u0107u, kao i mjere za uvo\u0111enje ili nadogradnju klju\u010dnih mre\u017ea koje se temelje na naprednim tehnologijama.<\/p>\n<p>Pozivi \u0107e biti usmjereni i na infrastrukturu za povezivanje usluga u oblaku, infrastrukturu za\u00a0<a href=\"https:\/\/digital-strategy.ec.europa.eu\/en\/activities\/backbone-connectivity\" target=\"_blank\" rel=\"noopener\">digitalne globalne pristupnike<\/a> kao \u0161to su podmorski kabeli, te na pripremne mjere za uspostavu operativnih digitalnih platformi za prometnu i energetsku infrastrukturu diljem EU-a.<\/p>\n<p>Poziv slijedi dono\u0161enje prvog\u00a0<a href=\"https:\/\/ec.europa.eu\/commission\/presscorner\/detail\/en\/IP_21_6830\" target=\"_blank\" rel=\"noopener\">programa rada za CEF Digital<\/a>\u00a0u prosincu 2021. u kojem je izdvojeno vi\u0161e od 1 milijarde eura financijskih sredstava za razdoblje 2021. \u2013 2023. Pozivi u okviru CEF-a u digitalnom sektoru uglavnom su otvoreni subjektima s poslovnim nastanom u dr\u017eavama \u010dlanicama i prekomorskim zemljama ili podru\u010djima. Zainteresirani kandidati mogu saznati vi\u0161e o prijavi, evaluaciji i postupcima dodjele u sklopu\u00a0<a href=\"https:\/\/digital-strategy.ec.europa.eu\/en\/events\/info-day-first-connecting-europe-facility-cef-digital-calls\" target=\"_blank\" rel=\"noopener\">internetskog informativnog dana<\/a> koji \u0107e se odr\u017eati 19. sije\u010dnja.<\/p>\n<p>Druga generacija\u00a0<a href=\"https:\/\/digital-strategy.ec.europa.eu\/en\/activities\/connecting-europe-facility\" target=\"_blank\" rel=\"noopener\">digitalne komponente Instrumenta za povezivanje Europe (CEF-2) (2021. \u2013 2027.)<\/a>\u00a0temelji se na prethodnoj generaciji kojom se podupiru prekograni\u010dne digitalne infrastrukture i usluge te besplatan pristup internetu za lokalne zajednice u okviru inicijative WiFi4EU iz\u00a0<a href=\"https:\/\/digital-strategy.ec.europa.eu\/en\/activities\/wifi4eu\" target=\"_blank\" rel=\"noopener\">razdoblja<\/a> 2014. \u2013 2020.<\/p>","protected":false},"excerpt":{"rendered":"<p>Komisija je objavila prve pozive na podno\u0161enje prijedloga\u00a0u okviru digitalne komponente\u00a0Instrumenta za povezivanje Europe (CEF Digital). S planiranim prora\u010dunom od 258 milijuna eura pozivima se nastoji pobolj\u0161ati infrastruktura za digitalno povezivanje, posebno gigabitnih i 5G mre\u017ea diljem Unije te pridonijeti digitalnoj transformaciji Europe. Komisija \u0107e sufinancirati mjere \u010diji je cilj opremiti glavne europske prometne pravce [&hellip;]<\/p>","protected":false},"author":2,"featured_media":6717,"comment_status":"closed","ping_status":"closed","sticky":false,"template":"","format":"standard","meta":{"_et_pb_use_builder":"","_et_pb_old_content":"","_et_gb_content_width":"","footnotes":""},"categories":[4],"tags":[],"class_list":["post-6716","post","type-post","status-publish","format-standard","has-post-thumbnail","hentry","category-vijesti"],"_links":{"self":[{"href":"https:\/\/www.ra-vsz.hr\/en\/wp-json\/wp\/v2\/posts\/6716","targetHints":{"allow":["GET"]}}],"collection":[{"href":"https:\/\/www.ra-vsz.hr\/en\/wp-json\/wp\/v2\/posts"}],"about":[{"href":"https:\/\/www.ra-vsz.hr\/en\/wp-json\/wp\/v2\/types\/post"}],"author":[{"embeddable":true,"href":"https:\/\/www.ra-vsz.hr\/en\/wp-json\/wp\/v2\/users\/2"}],"replies":[{"embeddable":true,"href":"https:\/\/www.ra-vsz.hr\/en\/wp-json\/wp\/v2\/comments?post=6716"}],"version-history":[{"count":1,"href":"https:\/\/www.ra-vsz.hr\/en\/wp-json\/wp\/v2\/posts\/6716\/revisions"}],"predecessor-version":[{"id":10816,"href":"https:\/\/www.ra-vsz.hr\/en\/wp-json\/wp\/v2\/posts\/6716\/revisions\/10816"}],"wp:featuredmedia":[{"embeddable":true,"href":"https:\/\/www.ra-vsz.hr\/en\/wp-json\/"}],"wp:attachment":[{"href":"https:\/\/www.ra-vsz.hr\/en\/wp-json\/wp\/v2\/media?parent=6716"}],"wp:term":[{"taxonomy":"category","embeddable":true,"href":"https:\/\/www.ra-vsz.hr\/en\/wp-json\/wp\/v2\/categories?post=6716"},{"taxonomy":"post_tag","embeddable":true,"href":"https:\/\/www.ra-vsz.hr\/en\/wp-json\/wp\/v2\/tags?post=6716"}],"curies":[{"name":"wp","href":"https:\/\/api.w.org\/{rel}","templated":true}]}}