{"id":6711,"date":"2022-01-13T13:23:07","date_gmt":"2022-01-13T11:23:07","guid":{"rendered":"https:\/\/www.ra-vsz.hr\/?p=6711"},"modified":"2023-01-30T19:03:41","modified_gmt":"2023-01-30T19:03:41","slug":"povjerenstvo-udruge-za-dodjelu-certifikata-grad-za-mlade-donijelo-je-odluku-o-objavi-drugog-javnog-poziva-za-dobivanje-certifikata-grad-za-mlade","status":"publish","type":"post","link":"https:\/\/www.ra-vsz.hr\/en\/povjerenstvo-udruge-za-dodjelu-certifikata-grad-za-mlade-donijelo-je-odluku-o-objavi-drugog-javnog-poziva-za-dobivanje-certifikata-grad-za-mlade\/","title":{"rendered":"Povjerenstvo Udruge za dodjelu certifikata \u201cGrad za mlade\u201c donijelo je odluku o objavi drugog javnog poziva za dobivanje Certifikata \u201eGrad za mlade\u201c."},"content":{"rendered":"<p><em>Poziv \u0107e biti otvoren <strong>od 17. sije\u010dnja do 28. velja\u010de.<\/strong><\/em><\/p>\n<p>Sustav certificiranja gradova za politike usmjerene mladima pokrenula je Udruga gradova, u suradnji sa svojim partnerima.<br \/>\nPovjerenstvo ima 9 \u010dlanova, a svoje predstavnike u Povjerenstvu imaju relevantne organizacije i institucije na polju rada s mladima, odnosno sve partnerske organizacije u ovom projektu.<br \/>\nTo su:<\/p>\n<ol>\n<li>Sredi\u0161nji dr\u017eavni ured za demografiju i mlade<\/li>\n<li>Institut za dru\u0161tvena istra\u017eivanja u Zagrebu<\/li>\n<li>Agencija za mobilnost i programe EU<\/li>\n<li>Mre\u017ea mladih Hrvatske<\/li>\n<li>Savez dru\u0161tava na\u0161a djeca<\/li>\n<li>Udruga gradova u Republici Hrvatskoj<\/li>\n<\/ol>\n<p>Definirano je ukupno osam tematskih podru\u010dja:<\/p>\n<ol>\n<li>Participacija<\/li>\n<li>Demografski poticaji i mjere<\/li>\n<li>Employment<\/li>\n<li>Mobilnost<\/li>\n<li>Zdravlje i sport<\/li>\n<li>Rad s mladima i kultura<\/li>\n<li>Obrazovanje<\/li>\n<li>Informiranje<\/li>\n<\/ol>\n<p>U sklopu prvog javnog poziva, koji je objavljen u 2021. godini, devet hrvatskih gradova dobilo je titulu \u201cGrada za mlade\u201c \u2013 Karlovac, Koprivnica, Labin, Novska, Opatija, Rijeka, \u0160ibenik, Vara\u017edin i Zabok.<\/p>\n<p>Vi\u0161e o Pozivu pro\u010ditajte na mre\u017enim stranicama\u00a0<a href=\"https:\/\/www.udruga-gradova.hr\/javni-poziv-za-dodjelu-certifikata-grad-za-mlade-otvara-se-u-ponedjeljak-17-sijecnja\/\" target=\"_blank\" rel=\"noopener\"><strong>Udruge gradova<\/strong><\/a><strong>.<\/strong><\/p>","protected":false},"excerpt":{"rendered":"<p>Poziv \u0107e biti otvoren od 17. sije\u010dnja do 28. velja\u010de. Sustav certificiranja gradova za politike usmjerene mladima pokrenula je Udruga gradova, u suradnji sa svojim partnerima. Povjerenstvo ima 9 \u010dlanova, a svoje predstavnike u Povjerenstvu imaju relevantne organizacije i institucije na polju rada s mladima, odnosno sve partnerske organizacije u ovom projektu. To su: Sredi\u0161nji [&hellip;]<\/p>","protected":false},"author":2,"featured_media":6712,"comment_status":"closed","ping_status":"closed","sticky":false,"template":"","format":"standard","meta":{"_et_pb_use_builder":"","_et_pb_old_content":"","_et_gb_content_width":"","footnotes":""},"categories":[4],"tags":[],"class_list":["post-6711","post","type-post","status-publish","format-standard","has-post-thumbnail","hentry","category-vijesti"],"_links":{"self":[{"href":"https:\/\/www.ra-vsz.hr\/en\/wp-json\/wp\/v2\/posts\/6711","targetHints":{"allow":["GET"]}}],"collection":[{"href":"https:\/\/www.ra-vsz.hr\/en\/wp-json\/wp\/v2\/posts"}],"about":[{"href":"https:\/\/www.ra-vsz.hr\/en\/wp-json\/wp\/v2\/types\/post"}],"author":[{"embeddable":true,"href":"https:\/\/www.ra-vsz.hr\/en\/wp-json\/wp\/v2\/users\/2"}],"replies":[{"embeddable":true,"href":"https:\/\/www.ra-vsz.hr\/en\/wp-json\/wp\/v2\/comments?post=6711"}],"version-history":[{"count":1,"href":"https:\/\/www.ra-vsz.hr\/en\/wp-json\/wp\/v2\/posts\/6711\/revisions"}],"predecessor-version":[{"id":10815,"href":"https:\/\/www.ra-vsz.hr\/en\/wp-json\/wp\/v2\/posts\/6711\/revisions\/10815"}],"wp:featuredmedia":[{"embeddable":true,"href":"https:\/\/www.ra-vsz.hr\/en\/wp-json\/"}],"wp:attachment":[{"href":"https:\/\/www.ra-vsz.hr\/en\/wp-json\/wp\/v2\/media?parent=6711"}],"wp:term":[{"taxonomy":"category","embeddable":true,"href":"https:\/\/www.ra-vsz.hr\/en\/wp-json\/wp\/v2\/categories?post=6711"},{"taxonomy":"post_tag","embeddable":true,"href":"https:\/\/www.ra-vsz.hr\/en\/wp-json\/wp\/v2\/tags?post=6711"}],"curies":[{"name":"wp","href":"https:\/\/api.w.org\/{rel}","templated":true}]}}