{"id":6690,"date":"2022-01-11T15:30:10","date_gmt":"2022-01-11T13:30:10","guid":{"rendered":"https:\/\/www.ra-vsz.hr\/?p=6690"},"modified":"2023-01-30T19:03:06","modified_gmt":"2023-01-30T19:03:06","slug":"obavijest-temeljem-javnog-natjecaja-za-imenovanje-ravnatelja-u-razvojnoj-agenciji-vukovarsko-srijemske-zupanije","status":"publish","type":"post","link":"https:\/\/www.ra-vsz.hr\/en\/obavijest-temeljem-javnog-natjecaja-za-imenovanje-ravnatelja-u-razvojnoj-agenciji-vukovarsko-srijemske-zupanije\/","title":{"rendered":"Obavijest temeljem javnog natje\u010daja za imenovanje ravnatelja u Razvojnoj agenciji Vukovarsko-srijemske \u017eupanije"},"content":{"rendered":"<p>KLASA: 112-01\/21-01\/10<\/p>\n<p>URBROJ: 2196\/1-16-03\/3-21-8<\/p>\n<p>Vinkovci, 11. sije\u010danja 2022. godine<\/p>\n<p style=\"text-align: center;\"><strong>OBAVIJEST<\/strong><\/p>\n<p>Temeljem javnog natje\u010daja za imenovanje ravnatelja u Razvojnoj agenciji Vukovarsko-srijemske \u017eupanije, objavljenog u \u201eNarodnim novinama\u201c broj: 138\/21 dana 15. prosinca 2021. godine, KLASA: 112-01\/21-01\/10, URBROJ: 2196\/1-16-21-2, a nakon provedene pisane provjere znanja dana 4. sije\u010dnja 2022. godine te provedenog intervjua dana 5. sije\u010dnja 2022. godine, \u00a0izabrana je sljede\u0107a kandidatkinja:<\/p>\n<ol>\n<li>ZRINKA \u010cOBANKOVI\u0106 &#8211; ILOK<\/li>\n<\/ol>\n<p>O danu zasnivanja radnog odnosa kandidatkinja \u0107e biti pravovremeno obavije\u0161tena.<\/p>\n<p>S po\u0161tovanjem,<\/p>\n<p style=\"text-align: right;\">POVJERENSTVO ZA<\/p>\n<p style=\"text-align: right;\">PROVEDBU NATJE\u010cAJA<\/p>\n<p><a href=\"https:\/\/www.ra-vsz.hr\/wp-content\/uploads\/2022\/01\/Natjecaj-ravnatelj.pdf\">Obavijest temeljem javnog natje\u010daja za imenovanje ravnatelja u Razvojnoj agenciji Vukovarsko-srijemske \u017eupanije<\/a><\/p>","protected":false},"excerpt":{"rendered":"<p>KLASA: 112-01\/21-01\/10 URBROJ: 2196\/1-16-03\/3-21-8 Vinkovci, 11. sije\u010danja 2022. godine OBAVIJEST Temeljem javnog natje\u010daja za imenovanje ravnatelja u Razvojnoj agenciji Vukovarsko-srijemske \u017eupanije, objavljenog u \u201eNarodnim novinama\u201c broj: 138\/21 dana 15. prosinca 2021. godine, KLASA: 112-01\/21-01\/10, URBROJ: 2196\/1-16-21-2, a nakon provedene pisane provjere znanja dana 4. sije\u010dnja 2022. godine te provedenog intervjua dana 5. sije\u010dnja 2022. godine, [&hellip;]<\/p>","protected":false},"author":2,"featured_media":5380,"comment_status":"closed","ping_status":"closed","sticky":false,"template":"","format":"standard","meta":{"_et_pb_use_builder":"","_et_pb_old_content":"","_et_gb_content_width":"","footnotes":""},"categories":[4],"tags":[],"class_list":["post-6690","post","type-post","status-publish","format-standard","has-post-thumbnail","hentry","category-vijesti"],"_links":{"self":[{"href":"https:\/\/www.ra-vsz.hr\/en\/wp-json\/wp\/v2\/posts\/6690","targetHints":{"allow":["GET"]}}],"collection":[{"href":"https:\/\/www.ra-vsz.hr\/en\/wp-json\/wp\/v2\/posts"}],"about":[{"href":"https:\/\/www.ra-vsz.hr\/en\/wp-json\/wp\/v2\/types\/post"}],"author":[{"embeddable":true,"href":"https:\/\/www.ra-vsz.hr\/en\/wp-json\/wp\/v2\/users\/2"}],"replies":[{"embeddable":true,"href":"https:\/\/www.ra-vsz.hr\/en\/wp-json\/wp\/v2\/comments?post=6690"}],"version-history":[{"count":1,"href":"https:\/\/www.ra-vsz.hr\/en\/wp-json\/wp\/v2\/posts\/6690\/revisions"}],"predecessor-version":[{"id":10812,"href":"https:\/\/www.ra-vsz.hr\/en\/wp-json\/wp\/v2\/posts\/6690\/revisions\/10812"}],"wp:featuredmedia":[{"embeddable":true,"href":"https:\/\/www.ra-vsz.hr\/en\/wp-json\/"}],"wp:attachment":[{"href":"https:\/\/www.ra-vsz.hr\/en\/wp-json\/wp\/v2\/media?parent=6690"}],"wp:term":[{"taxonomy":"category","embeddable":true,"href":"https:\/\/www.ra-vsz.hr\/en\/wp-json\/wp\/v2\/categories?post=6690"},{"taxonomy":"post_tag","embeddable":true,"href":"https:\/\/www.ra-vsz.hr\/en\/wp-json\/wp\/v2\/tags?post=6690"}],"curies":[{"name":"wp","href":"https:\/\/api.w.org\/{rel}","templated":true}]}}