{"id":6652,"date":"2022-01-03T09:25:02","date_gmt":"2022-01-03T07:25:02","guid":{"rendered":"https:\/\/www.ra-vsz.hr\/?p=6652"},"modified":"2023-01-30T19:00:44","modified_gmt":"2023-01-30T19:00:44","slug":"krece-edukacija","status":"publish","type":"post","link":"https:\/\/www.ra-vsz.hr\/en\/krece-edukacija\/","title":{"rendered":"Kre\u0107e edukacija!!! \u201eIT  Otok povezivanja\u201c \u2013 nova prilika za nezaposlene osobe predstavljanje edukacije 11. sije\u010dnja 2022. godine"},"content":{"rendered":"<p><\/p>\n\n\n<p>Grad Otok i Oto\u010dka razvojna agencija u suradnji s tvrtkama iz privatnog sektora pokre\u0107u \u201eIT Otok\u201c \u00a0povezivanjem nezaposlenih osoba sa privatnim sektorom kroz edukaciju za zanimanje IT analiti\u010dar.<\/p>\n<p>Cilj edukacije je polaznicima pru\u017eiti nova znanja i priliku da se doka\u017eu potencijalnim poslodavcima.<\/p>\n<p>Edukacija po\u010dinje krajem sije\u010dnja 2022. i sastoji se od 2 mjeseca teoretske nastave koja \u0107e se odr\u017eavati u Poduzetni\u010dkom inkubatoru Otok \u00a0i 4 mjeseca stru\u010dne prakse u tvrtkama.<\/p>\n<p>Putem <strong>mjere Hrvatskog zavoda za zapo\u0161ljavanje polaznicima se omogu\u0107uje <\/strong>stjecanje prakti\u010dnih znanja i vje\u0161tina za obavljanje poslova IT analiti\u010dar u stvarnom realnom sektoru.<\/p>\n<p>Edukacija je namijenjena nezaposlenim osobama prijavljenim na Hrvatski zavod za zapo\u0161ljavanje s podru\u010dja Otoka i Komletinaca, te cijele Vukovarsko-srijemske \u017eupanije.<\/p>\n<p>Uvjet za pristupanje je vi\u0161a ili visoka stru\u010dna sprema, te srednja stru\u010dna sprema(gimnazija informati\u010dkog smjera &#8211; minimalno 5 godina iskustva), a odabir kandidata provode tvrtke kod kojih \u0107e polaznici prolaziti prakti\u010dni rad.<\/p>\n<p><strong>Prezentacija programa odr\u017eati \u0107e se 11. sije\u010dnja 2022. godine u 16:00 sati u prostorijama Poduzetni\u010dkog inkubatora Otok (u Poduzetni\u010dkoj zoni),<\/strong> a na kojem \u0107ete dobiti sve informacije o samoj edukaciji, selekcijskom postupku te saznati vi\u0161e o zanimanju IT analiti\u010dar kao i mogu\u0107nostima zaposlenja nakon zavr\u0161ene edukacije.<\/p>\n<p>Prijave za edukaciju zaprimaju\u00a0 do <strong>13 sije\u010dnja 2022.godine<\/strong> se putem <a href=\"https:\/\/docs.google.com\/forms\/d\/1oAMR5tYFw2L4_cOMB65k4sXBnPSy8mvrVRmIoMPuSEo\/edit\" target=\"_blank\" rel=\"noopener\">OBRASCI ZA PRIJAVU<\/a> Sve dodatne informacije mogu se dobiti na kontakt 032\/396-932 (Oto\u010dka razvojna agencija).<\/p>\n<p>\u00a0<\/p>","protected":false},"excerpt":{"rendered":"<p>Grad Otok i Oto\u010dka razvojna agencija u suradnji s tvrtkama iz privatnog sektora pokre\u0107u \u201eIT Otok\u201c \u00a0povezivanjem nezaposlenih osoba sa privatnim sektorom kroz edukaciju za zanimanje IT analiti\u010dar. Cilj edukacije je polaznicima pru\u017eiti nova znanja i priliku da se doka\u017eu potencijalnim poslodavcima. Edukacija po\u010dinje krajem sije\u010dnja 2022. i sastoji se od 2 mjeseca teoretske nastave [&hellip;]<\/p>","protected":false},"author":2,"featured_media":6653,"comment_status":"closed","ping_status":"closed","sticky":false,"template":"","format":"standard","meta":{"_et_pb_use_builder":"","_et_pb_old_content":"","_et_gb_content_width":"","footnotes":""},"categories":[4],"tags":[],"class_list":["post-6652","post","type-post","status-publish","format-standard","has-post-thumbnail","hentry","category-vijesti"],"_links":{"self":[{"href":"https:\/\/www.ra-vsz.hr\/en\/wp-json\/wp\/v2\/posts\/6652","targetHints":{"allow":["GET"]}}],"collection":[{"href":"https:\/\/www.ra-vsz.hr\/en\/wp-json\/wp\/v2\/posts"}],"about":[{"href":"https:\/\/www.ra-vsz.hr\/en\/wp-json\/wp\/v2\/types\/post"}],"author":[{"embeddable":true,"href":"https:\/\/www.ra-vsz.hr\/en\/wp-json\/wp\/v2\/users\/2"}],"replies":[{"embeddable":true,"href":"https:\/\/www.ra-vsz.hr\/en\/wp-json\/wp\/v2\/comments?post=6652"}],"version-history":[{"count":1,"href":"https:\/\/www.ra-vsz.hr\/en\/wp-json\/wp\/v2\/posts\/6652\/revisions"}],"predecessor-version":[{"id":10804,"href":"https:\/\/www.ra-vsz.hr\/en\/wp-json\/wp\/v2\/posts\/6652\/revisions\/10804"}],"wp:featuredmedia":[{"embeddable":true,"href":"https:\/\/www.ra-vsz.hr\/en\/wp-json\/"}],"wp:attachment":[{"href":"https:\/\/www.ra-vsz.hr\/en\/wp-json\/wp\/v2\/media?parent=6652"}],"wp:term":[{"taxonomy":"category","embeddable":true,"href":"https:\/\/www.ra-vsz.hr\/en\/wp-json\/wp\/v2\/categories?post=6652"},{"taxonomy":"post_tag","embeddable":true,"href":"https:\/\/www.ra-vsz.hr\/en\/wp-json\/wp\/v2\/tags?post=6652"}],"curies":[{"name":"wp","href":"https:\/\/api.w.org\/{rel}","templated":true}]}}