{"id":6595,"date":"2021-12-28T11:42:27","date_gmt":"2021-12-28T09:42:27","guid":{"rendered":"https:\/\/www.ra-vsz.hr\/?p=6595"},"modified":"2023-01-30T18:58:59","modified_gmt":"2023-01-30T18:58:59","slug":"poziv-na-dostavu-prijedloga-za-promicanje-ravnopravnosti-spolova-cerv-2022-ge","status":"publish","type":"post","link":"https:\/\/www.ra-vsz.hr\/en\/poziv-na-dostavu-prijedloga-za-promicanje-ravnopravnosti-spolova-cerv-2022-ge\/","title":{"rendered":"Poziv na dostavu prijedloga za promicanje ravnopravnosti spolova (CERV-2022-GE)"},"content":{"rendered":"<p>Europska komisija stavlja na raspolaganje 6,8 milijuna eura za promicanje punog u\u017eivanja prava \u017eena, slobodu od rodnih stereotipa, ravnopravnost spolova, uklju\u010duju\u0107i ravnote\u017eu izme\u0111u poslovnog i privatnog \u017eivota i osna\u017eivanje \u017eena.<\/p>\n<p>Namijenjen je vladama dr\u017eava \u010dlanica, lokalnim i regionalnim vlastima i njihovim udrugama, tijelima za ravnopravnost, organizacijama civilnog dru\u0161tva, posebice organizacijama za prava \u017eena i drugim dionicima.<\/p>\n<p>Poziv se fokusira se na <strong>dva prioriteta<\/strong>:<\/p>\n<ul>\n<li>ravnopravno sudjelovanje i zastupljenost \u017eena i mu\u0161karaca u politi\u010dkom i gospodarskom odlu\u010divanju (na svim razinama &#8211; europskoj, nacionalnoj, regionalnoj i lokalnoj)<\/li>\n<li>suzbijanje rodnih stereotipa, uklju\u010duju\u0107i naglasak na mlade, i u ogla\u0161avanju i medijima.<\/li>\n<\/ul>\n<p><strong>Rok za prijavu<\/strong> jest 16. o\u017eujka 2022. godine.<\/p>\n<p><strong>Ukupni prora\u010dun<\/strong> iznosi 6,8 milijuna eura.<\/p>\n<p><a href=\"https:\/\/ec.europa.eu\/info\/funding-tenders\/opportunities\/docs\/2021-2027\/cerv\/wp-call\/2022\/call-fiche_cerv-2022-ge_en.pdf\" target=\"_blank\" rel=\"noopener\">Vi\u0161e o programu<\/a><\/p>\n<p><a href=\"https:\/\/ec.europa.eu\/info\/funding-tenders\/opportunities\/portal\/screen\/opportunities\/topic-details\/cerv-2022-ge\" target=\"_blank\" rel=\"noopener\">Slu\u017ebeni poziv<\/a><\/p>\n<p>Poziv podupire <a href=\"https:\/\/ec.europa.eu\/info\/policies\/justice-and-fundamental-rights\/gender-equality\/gender-equality-strategy_hr\" target=\"_blank\" rel=\"noopener\">Strategiju za rodnu ravnopravnost 2020.-2025.<\/a><\/p>","protected":false},"excerpt":{"rendered":"<p>Europska komisija stavlja na raspolaganje 6,8 milijuna eura za promicanje punog u\u017eivanja prava \u017eena, slobodu od rodnih stereotipa, ravnopravnost spolova, uklju\u010duju\u0107i ravnote\u017eu izme\u0111u poslovnog i privatnog \u017eivota i osna\u017eivanje \u017eena. Namijenjen je vladama dr\u017eava \u010dlanica, lokalnim i regionalnim vlastima i njihovim udrugama, tijelima za ravnopravnost, organizacijama civilnog dru\u0161tva, posebice organizacijama za prava \u017eena i drugim [&hellip;]<\/p>","protected":false},"author":2,"featured_media":6596,"comment_status":"closed","ping_status":"closed","sticky":false,"template":"","format":"standard","meta":{"_et_pb_use_builder":"","_et_pb_old_content":"","_et_gb_content_width":"","footnotes":""},"categories":[4],"tags":[],"class_list":["post-6595","post","type-post","status-publish","format-standard","has-post-thumbnail","hentry","category-vijesti"],"_links":{"self":[{"href":"https:\/\/www.ra-vsz.hr\/en\/wp-json\/wp\/v2\/posts\/6595","targetHints":{"allow":["GET"]}}],"collection":[{"href":"https:\/\/www.ra-vsz.hr\/en\/wp-json\/wp\/v2\/posts"}],"about":[{"href":"https:\/\/www.ra-vsz.hr\/en\/wp-json\/wp\/v2\/types\/post"}],"author":[{"embeddable":true,"href":"https:\/\/www.ra-vsz.hr\/en\/wp-json\/wp\/v2\/users\/2"}],"replies":[{"embeddable":true,"href":"https:\/\/www.ra-vsz.hr\/en\/wp-json\/wp\/v2\/comments?post=6595"}],"version-history":[{"count":1,"href":"https:\/\/www.ra-vsz.hr\/en\/wp-json\/wp\/v2\/posts\/6595\/revisions"}],"predecessor-version":[{"id":10797,"href":"https:\/\/www.ra-vsz.hr\/en\/wp-json\/wp\/v2\/posts\/6595\/revisions\/10797"}],"wp:featuredmedia":[{"embeddable":true,"href":"https:\/\/www.ra-vsz.hr\/en\/wp-json\/"}],"wp:attachment":[{"href":"https:\/\/www.ra-vsz.hr\/en\/wp-json\/wp\/v2\/media?parent=6595"}],"wp:term":[{"taxonomy":"category","embeddable":true,"href":"https:\/\/www.ra-vsz.hr\/en\/wp-json\/wp\/v2\/categories?post=6595"},{"taxonomy":"post_tag","embeddable":true,"href":"https:\/\/www.ra-vsz.hr\/en\/wp-json\/wp\/v2\/tags?post=6595"}],"curies":[{"name":"wp","href":"https:\/\/api.w.org\/{rel}","templated":true}]}}