{"id":6590,"date":"2021-12-27T15:33:02","date_gmt":"2021-12-27T13:33:02","guid":{"rendered":"https:\/\/www.ra-vsz.hr\/?p=6590"},"modified":"2023-01-30T18:58:46","modified_gmt":"2023-01-30T18:58:46","slug":"grad-otok-i-otocka-razvojna-agencija-pokrecu-it-otok-povezivanja-nova-prilika-za-nezaposlene-osobe","status":"publish","type":"post","link":"https:\/\/www.ra-vsz.hr\/en\/grad-otok-i-otocka-razvojna-agencija-pokrecu-it-otok-povezivanja-nova-prilika-za-nezaposlene-osobe\/","title":{"rendered":"Grad Otok i Oto\u010dka razvojna agencija pokre\u0107u \u201eIT  Otok povezivanja\u201c \u2013 nova prilika za nezaposlene osobe"},"content":{"rendered":"<p>Grad Otok i Oto\u010dka razvojna agencija u suradnji s renomiranim tvrtkama pokre\u0107u \u201eIT Otok\u201c \u00a0povezivanjem nezaposlenih osoba sa privatnim sektorom kroz edukaciju za zanimanje IT analiti\u010dar.<\/p>\n<p>Po\u010detak edukacije je planiran krajem sije\u010dnja 2022. i sastoji se od 2 mjeseca teoretske nastave koja \u0107e se odr\u017eavati u Poduzetni\u010dkom inkubatoru Otok \u00a0i 4 mjeseca stru\u010dne prakse u tvrtkama.<\/p>\n<p>U projekt \u0107e se\u00a0 uklju\u010diti tvrtke koje \u0107e polaznicima, putem\u00a0<strong>mjere Hrvatskog zavoda za zapo\u0161ljavanje\u00a0<\/strong>omogu\u0107iti stjecanje prakti\u010dnih znanja i vje\u0161tina za obavljanje poslova IT analiti\u010dar i rad u stvarnom gospodarskom okru\u017eenju.<\/p>\n<p>Na ovaj na\u010din Grad Otok i Oto\u010dka razvojna agencija povezuje nezaposlene osobe s privatnim sektorom u cilju pomo\u0107i u zapo\u0161ljavanju\u00a0 i stjecanju dodatnih kompetencija.<\/p>\n<p>Edukacija je namijenjena nezaposlenim osobama prijavljenim na Hrvatski zavod za zapo\u0161ljavanje s podru\u010dja Otoka i Komletinaca, te cijele Vukovarsko-srijemske \u017eupanije.<\/p>\n<p>Uvjet za pristupanje je vi\u0161a ili visoka stru\u010dna sprema, a odabir kandidata provode tvrtke\u00a0kod kojih \u0107e polaznici prolaziti edukaciju.<\/p>\n<p>Prezentacija programa odr\u017eati \u0107e se po\u010detkom sije\u010dnja 2022. godine u prostorijama Poduzetni\u010dkog inkubatora Otok (u Poduzetni\u010dkoj zoni), a na kojem \u0107e dobiti sve informacije o samoj edukaciji, selekcijskom postupku te saznati vi\u0161e o zanimanju IT analiti\u010dar kao i mogu\u0107nostima zaposlenja nakon zavr\u0161ene edukacije.<\/p>\n<p>Prijave za edukaciju zaprimaju\u00a0 se putem\u00a0<a href=\"https:\/\/docs.google.com\/forms\/d\/1oAMR5tYFw2L4_cOMB65k4sXBnPSy8mvrVRmIoMPuSEo\/viewform?edit_requested=true\" target=\"_blank\" rel=\"noopener\">linka.<\/a><\/p>\n<p><a href=\"https:\/\/docs.google.com\/forms\/d\/1oAMR5tYFw2L4_cOMB65k4sXBnPSy8mvrVRmIoMPuSEo\/viewform?edit_requested=true\" target=\"_blank\" rel=\"noopener\">https:\/\/docs.google.com\/forms\/d\/1oAMR5tYFw2L4_cOMB65k4sXBnPSy8mvrVRmIoMPuSEo\/viewform?edit_requested=true<\/a><\/p>\n<p>Sve dodatne informacije mogu se dobiti na kontakt 032\/396-932.<\/p>","protected":false},"excerpt":{"rendered":"<p>Grad Otok i Oto\u010dka razvojna agencija u suradnji s renomiranim tvrtkama pokre\u0107u \u201eIT Otok\u201c \u00a0povezivanjem nezaposlenih osoba sa privatnim sektorom kroz edukaciju za zanimanje IT analiti\u010dar. Po\u010detak edukacije je planiran krajem sije\u010dnja 2022. i sastoji se od 2 mjeseca teoretske nastave koja \u0107e se odr\u017eavati u Poduzetni\u010dkom inkubatoru Otok \u00a0i 4 mjeseca stru\u010dne prakse u [&hellip;]<\/p>","protected":false},"author":2,"featured_media":6591,"comment_status":"closed","ping_status":"closed","sticky":false,"template":"","format":"standard","meta":{"_et_pb_use_builder":"","_et_pb_old_content":"","_et_gb_content_width":"","footnotes":""},"categories":[4],"tags":[],"class_list":["post-6590","post","type-post","status-publish","format-standard","has-post-thumbnail","hentry","category-vijesti"],"_links":{"self":[{"href":"https:\/\/www.ra-vsz.hr\/en\/wp-json\/wp\/v2\/posts\/6590","targetHints":{"allow":["GET"]}}],"collection":[{"href":"https:\/\/www.ra-vsz.hr\/en\/wp-json\/wp\/v2\/posts"}],"about":[{"href":"https:\/\/www.ra-vsz.hr\/en\/wp-json\/wp\/v2\/types\/post"}],"author":[{"embeddable":true,"href":"https:\/\/www.ra-vsz.hr\/en\/wp-json\/wp\/v2\/users\/2"}],"replies":[{"embeddable":true,"href":"https:\/\/www.ra-vsz.hr\/en\/wp-json\/wp\/v2\/comments?post=6590"}],"version-history":[{"count":1,"href":"https:\/\/www.ra-vsz.hr\/en\/wp-json\/wp\/v2\/posts\/6590\/revisions"}],"predecessor-version":[{"id":10796,"href":"https:\/\/www.ra-vsz.hr\/en\/wp-json\/wp\/v2\/posts\/6590\/revisions\/10796"}],"wp:featuredmedia":[{"embeddable":true,"href":"https:\/\/www.ra-vsz.hr\/en\/wp-json\/"}],"wp:attachment":[{"href":"https:\/\/www.ra-vsz.hr\/en\/wp-json\/wp\/v2\/media?parent=6590"}],"wp:term":[{"taxonomy":"category","embeddable":true,"href":"https:\/\/www.ra-vsz.hr\/en\/wp-json\/wp\/v2\/categories?post=6590"},{"taxonomy":"post_tag","embeddable":true,"href":"https:\/\/www.ra-vsz.hr\/en\/wp-json\/wp\/v2\/tags?post=6590"}],"curies":[{"name":"wp","href":"https:\/\/api.w.org\/{rel}","templated":true}]}}