{"id":6579,"date":"2021-12-27T15:05:02","date_gmt":"2021-12-27T13:05:02","guid":{"rendered":"https:\/\/www.ra-vsz.hr\/?p=6579"},"modified":"2023-01-30T18:58:18","modified_gmt":"2023-01-30T18:58:18","slug":"nagrada-europska-poduzetnicka-regija-eer-2023","status":"publish","type":"post","link":"https:\/\/www.ra-vsz.hr\/en\/nagrada-europska-poduzetnicka-regija-eer-2023\/","title":{"rendered":"Nagrada Europska poduzetni\u010dka regija (EER) 2023"},"content":{"rendered":"<p>Europski odbor regija otvorio je prijave za <strong>nagradu Europske poduzetni\u010dke regije (EER)<\/strong> za <strong>2023. godinu<\/strong>. Pod sveobuhvatnom temom \u201e<strong>Poduzetni\u0161tvo i otporne zajednice\u201c<\/strong>, gradovi, regije i op\u0107ine mogu podnijeti strategije o tome kako planiraju podr\u017eati mala i srednja poduze\u0107a u sljede\u0107e dvije godine.<\/p>\n<p>Europska poduzetni\u010dka regija (EER) projekt je kojim se utvr\u0111uju i nagra\u0111uju regije i gradovi EU-a koji pokazuju izvanrednu i inovativnu strategiju poduzetni\u010dke politike, bez obzira na njihovu veli\u010dinu, bogatstvo i kompetencije. Regijama i gradovima s najvjerodostojnijim, naprednim i obe\u0107avaju\u0107im planom vizije dodjeljuje se oznaka &#8220;Europska poduzetni\u010dka regija&#8221; (EER) za odre\u0111enu godinu.<\/p>\n<p>Oznaka EER uspostavljena je u partnerstvu s Europskom komisijom, a podr\u017eavaju je dionici na razini EU-a kao \u0161to su <a href=\"https:\/\/www.smeunited.eu\/\" target=\"_blank\" rel=\"noopener\">SME United<\/a>, <a href=\"https:\/\/www.eurochambres.eu\/\" target=\"_blank\" rel=\"noopener\">Eurochambres<\/a>, <a href=\"https:\/\/www.socialeconomy.eu.org\/\" target=\"_blank\" rel=\"noopener\">Social Economy Europe<\/a> i <a href=\"https:\/\/www.eurada.org\/\" target=\"_blank\" rel=\"noopener\">EURADA<\/a>.<\/p>\n<p>Nagrada EER otvorena je za sva podru\u010dja EU-a ispod razine dr\u017eave \u010dlanice, uklju\u010duju\u0107i zajednice i gradove te prekograni\u010dna podru\u010dja s pravnom osobno\u0161\u0107u kao \u0161to su EGTS-ovi i euroregije, koja imaju nadle\u017enosti na politi\u010dkoj razini i mogu provesti op\u0107u poduzetni\u010dku viziju, bez obzira na veli\u010dinu, bogatstvo ili specifi\u010dne kompetencije. Nije va\u017eno ima li teritorij zakonodavne nadle\u017enosti ili ne. Otvorena je, tako\u0111er, za podru\u010dja koja su ve\u0107 uspje\u0161na i koja su predana provedbi promjena potrebnih za razvoj svojeg poduzetni\u010dkog potencijala.<\/p>\n<p>Posebno se poti\u010du prekograni\u010dne regije na podno\u0161enje zahtjeva.<\/p>\n<p><strong>Rok za prijavu<\/strong> je 29. o\u017eujka. 2022. godine.<\/p>\n<p>Pojedinosti i informacije o tome kako se prijaviti za <strong>EER nagradu 2023<\/strong> mo\u017eete prona\u0107i <a href=\"https:\/\/cor.europa.eu\/en\/engage\/Documents\/How%20to%20apply.pdf\" target=\"_blank\" rel=\"noopener\">ovdje<\/a> te na sljede\u0107oj <a href=\"https:\/\/cor.europa.eu\/en\/engage\/Pages\/european-entrepreneurial-region.aspx?utm_source=SharedLink&amp;utm_medium=ShortURL&amp;utm_campaign=EER2020\" target=\"_blank\" rel=\"noopener\">web stranici<\/a>.<\/p>","protected":false},"excerpt":{"rendered":"<p>Europski odbor regija otvorio je prijave za nagradu Europske poduzetni\u010dke regije (EER) za 2023. godinu. Pod sveobuhvatnom temom \u201ePoduzetni\u0161tvo i otporne zajednice\u201c, gradovi, regije i op\u0107ine mogu podnijeti strategije o tome kako planiraju podr\u017eati mala i srednja poduze\u0107a u sljede\u0107e dvije godine. Europska poduzetni\u010dka regija (EER) projekt je kojim se utvr\u0111uju i nagra\u0111uju regije i [&hellip;]<\/p>","protected":false},"author":2,"featured_media":6580,"comment_status":"closed","ping_status":"closed","sticky":false,"template":"","format":"standard","meta":{"_et_pb_use_builder":"","_et_pb_old_content":"","_et_gb_content_width":"","footnotes":""},"categories":[4],"tags":[],"class_list":["post-6579","post","type-post","status-publish","format-standard","has-post-thumbnail","hentry","category-vijesti"],"_links":{"self":[{"href":"https:\/\/www.ra-vsz.hr\/en\/wp-json\/wp\/v2\/posts\/6579","targetHints":{"allow":["GET"]}}],"collection":[{"href":"https:\/\/www.ra-vsz.hr\/en\/wp-json\/wp\/v2\/posts"}],"about":[{"href":"https:\/\/www.ra-vsz.hr\/en\/wp-json\/wp\/v2\/types\/post"}],"author":[{"embeddable":true,"href":"https:\/\/www.ra-vsz.hr\/en\/wp-json\/wp\/v2\/users\/2"}],"replies":[{"embeddable":true,"href":"https:\/\/www.ra-vsz.hr\/en\/wp-json\/wp\/v2\/comments?post=6579"}],"version-history":[{"count":1,"href":"https:\/\/www.ra-vsz.hr\/en\/wp-json\/wp\/v2\/posts\/6579\/revisions"}],"predecessor-version":[{"id":10794,"href":"https:\/\/www.ra-vsz.hr\/en\/wp-json\/wp\/v2\/posts\/6579\/revisions\/10794"}],"wp:featuredmedia":[{"embeddable":true,"href":"https:\/\/www.ra-vsz.hr\/en\/wp-json\/"}],"wp:attachment":[{"href":"https:\/\/www.ra-vsz.hr\/en\/wp-json\/wp\/v2\/media?parent=6579"}],"wp:term":[{"taxonomy":"category","embeddable":true,"href":"https:\/\/www.ra-vsz.hr\/en\/wp-json\/wp\/v2\/categories?post=6579"},{"taxonomy":"post_tag","embeddable":true,"href":"https:\/\/www.ra-vsz.hr\/en\/wp-json\/wp\/v2\/tags?post=6579"}],"curies":[{"name":"wp","href":"https:\/\/api.w.org\/{rel}","templated":true}]}}