{"id":6559,"date":"2021-12-22T11:16:21","date_gmt":"2021-12-22T09:16:21","guid":{"rendered":"https:\/\/www.ra-vsz.hr\/?p=6559"},"modified":"2023-01-30T18:57:46","modified_gmt":"2023-01-30T18:57:46","slug":"dugorocna-vizija-za-ruralna-podrucja-eu-a-pokretanje-ruralnog-pakta","status":"publish","type":"post","link":"https:\/\/www.ra-vsz.hr\/en\/dugorocna-vizija-za-ruralna-podrucja-eu-a-pokretanje-ruralnog-pakta\/","title":{"rendered":"Dugoro\u010dna vizija za ruralna podru\u010dja EU-a: pokretanje Ruralnog pakta"},"content":{"rendered":"<p>Europska komisija je pokrenula inicijativu <strong>Ruralni pakt<\/strong> koja je najavljena u Dugoro\u010dnoj viziji ruralnih podru\u010dja EU-a predstavljenoj u lipnju 2021. godine.<\/p>\n<p>Novi pakt ima za cilj mobilizirati <strong>javna tijela i dionike<\/strong> da djeluju u skladu s potrebama i te\u017enjama ruralnih podru\u010dja. Osigurat \u0107e se zajedni\u010dki okvir za anga\u017eiranje i suradnju na razini EU, nacionalnoj, regionalnoj i lokalnoj razini.<\/p>\n<p>Potpredsjednica \u0160uica, povjerenik Wojciechowski i povjerenik Ferreira uputili su <a href=\"https:\/\/ec.europa.eu\/info\/sites\/default\/files\/strategy\/strategy_documents\/documents\/launch-rural-pact-2021.pdf\" target=\"_blank\" rel=\"noopener\">otvoreni poziv<\/a> pridru\u017eivanju raspravi o Ruralnom paktu.<\/p>\n<p>Pozivaju se svi zainteresirani na iskazivanje svoje podr\u0161ke ciljevima vizije te sudjelovanju u razvoju i provedbi <strong>Ruralnog pakta<\/strong>. Komisija \u0107e olak\u0161ati ovaj okvir s partnerima i mre\u017eama te potaknuti razmjenu ideja i najboljih praksi na svim razinama.<\/p>\n<p>Na temelju \u0161irokih konzultacija s gra\u0111anima i ruralnim dionicima, <a href=\"https:\/\/ec.europa.eu\/info\/strategy\/priorities-2019-2024\/new-push-european-democracy\/long-term-vision-rural-areas_hr\" target=\"_blank\" rel=\"noopener\">Dugoro\u010dna vizija ruralnih podru\u010dja EU-a<\/a> identificira hitne izazove i isti\u010de neke od najperspektivnijih mogu\u0107nosti koje su dostupne tim podru\u010djima. Uz potporu Ruralnog pakta i Ruralnog akcijskog plana koje je pokrenula Komisija, Dugoro\u010dna vizija ima za cilj u\u010diniti ruralna podru\u010dja EU-a ja\u010dima, povezanijima, otpornijima i prosperitetnijim.<\/p>\n<p><a href=\"https:\/\/ec.europa.eu\/info\/news\/long-term-vision-eus-rural-areas-launch-rural-pact-2021-dec-20_hr\" target=\"_blank\" rel=\"noopener\">Izvor<\/a><\/p>","protected":false},"excerpt":{"rendered":"<p>Europska komisija je pokrenula inicijativu Ruralni pakt koja je najavljena u Dugoro\u010dnoj viziji ruralnih podru\u010dja EU-a predstavljenoj u lipnju 2021. godine. Novi pakt ima za cilj mobilizirati javna tijela i dionike da djeluju u skladu s potrebama i te\u017enjama ruralnih podru\u010dja. Osigurat \u0107e se zajedni\u010dki okvir za anga\u017eiranje i suradnju na razini EU, nacionalnoj, regionalnoj [&hellip;]<\/p>","protected":false},"author":2,"featured_media":6560,"comment_status":"closed","ping_status":"closed","sticky":false,"template":"","format":"standard","meta":{"_et_pb_use_builder":"","_et_pb_old_content":"","_et_gb_content_width":"","footnotes":""},"categories":[4],"tags":[],"class_list":["post-6559","post","type-post","status-publish","format-standard","has-post-thumbnail","hentry","category-vijesti"],"_links":{"self":[{"href":"https:\/\/www.ra-vsz.hr\/en\/wp-json\/wp\/v2\/posts\/6559","targetHints":{"allow":["GET"]}}],"collection":[{"href":"https:\/\/www.ra-vsz.hr\/en\/wp-json\/wp\/v2\/posts"}],"about":[{"href":"https:\/\/www.ra-vsz.hr\/en\/wp-json\/wp\/v2\/types\/post"}],"author":[{"embeddable":true,"href":"https:\/\/www.ra-vsz.hr\/en\/wp-json\/wp\/v2\/users\/2"}],"replies":[{"embeddable":true,"href":"https:\/\/www.ra-vsz.hr\/en\/wp-json\/wp\/v2\/comments?post=6559"}],"version-history":[{"count":1,"href":"https:\/\/www.ra-vsz.hr\/en\/wp-json\/wp\/v2\/posts\/6559\/revisions"}],"predecessor-version":[{"id":10791,"href":"https:\/\/www.ra-vsz.hr\/en\/wp-json\/wp\/v2\/posts\/6559\/revisions\/10791"}],"wp:featuredmedia":[{"embeddable":true,"href":"https:\/\/www.ra-vsz.hr\/en\/wp-json\/"}],"wp:attachment":[{"href":"https:\/\/www.ra-vsz.hr\/en\/wp-json\/wp\/v2\/media?parent=6559"}],"wp:term":[{"taxonomy":"category","embeddable":true,"href":"https:\/\/www.ra-vsz.hr\/en\/wp-json\/wp\/v2\/categories?post=6559"},{"taxonomy":"post_tag","embeddable":true,"href":"https:\/\/www.ra-vsz.hr\/en\/wp-json\/wp\/v2\/tags?post=6559"}],"curies":[{"name":"wp","href":"https:\/\/api.w.org\/{rel}","templated":true}]}}