{"id":6553,"date":"2021-12-21T11:32:02","date_gmt":"2021-12-21T09:32:02","guid":{"rendered":"https:\/\/www.ra-vsz.hr\/?p=6553"},"modified":"2023-01-30T18:57:35","modified_gmt":"2023-01-30T18:57:35","slug":"odrzana-cetvrta-sjednica-partnerskog-vijeca-za-podrucje-vukovarsko-srijemske-zupanije-pv-vsz","status":"publish","type":"post","link":"https:\/\/www.ra-vsz.hr\/en\/odrzana-cetvrta-sjednica-partnerskog-vijeca-za-podrucje-vukovarsko-srijemske-zupanije-pv-vsz\/","title":{"rendered":"Odr\u017eana \u010detvrta sjednica Partnerskog vije\u0107a za podru\u010dje Vukovarsko-srijemske \u017eupanije (PV VS\u017d)"},"content":{"rendered":"<p>U petak, 17. prosinca 2021. godine s po\u010detkom u 9:00 sati u velikoj vije\u0107nici Vukovarsko-srijemske \u017eupanije odr\u017eana je \u010detvrta sjednica Partnerskog vije\u0107a za podru\u010dje Vukovarsko-srijemske \u017eupanije. Na sjednici su prisustvovala 23 \u010dlana i zamjenika te predstavnici Razvojne agencije Vukovarsko-srijemske \u017eupanije (RA VS\u017d) kao tajni\u0161tvo Partnerskog vije\u0107a za podru\u010dje Vukovarsko-srijemske \u017eupanije.<\/p>\n<p>Predsjednik Partnerskog vije\u0107a Vukovarsko-srijemske \u017eupanije g. Marko Dikoni\u0107, odr\u017eao je uvodnu rije\u010d u kojoj je pozdravio sve prisutne te predstavio to\u010dke dnevnog reda, a zatim je jednoglasno usvojen zapisnik s tre\u0107e sjednice Partnerskog vije\u0107a za podru\u010dje Vukovarsko-srijemske \u017eupanije.<\/p>\n<p>G\u0111a. Ivana Marjanovi\u0107, voditeljica Odjela za regionalni razvoj i strate\u0161ko planiranje RA VS\u017d je rekla da je tema sjednice izvje\u0161\u0107e o provedenom postupku konzultacija s \u010dlanovima PV VS\u017d na temu definiranih pokazatelja posebnih ciljeva i mjera Plana razvoja Vukovarsko-srijemske \u017eupanije 2021.-2027. (PR VS\u017d) te je predstavila prijedlog usvojene od strane Tima za strate\u0161ko planiranje. Zatim je jednoglasno usvojena tre\u0107a to\u010dka dnevnog reda.<\/p>\n<p>Pod \u010detvrtom to\u010dkom dnevnog reda g\u0111a. Marjanovi\u0107 je upoznala prisutne s izmjenom dinami\u010dkog plana izrade PR VS\u017d te je usvajanje navedenog strate\u0161kog dokumenta predvi\u0111eno do kraja prvog kvartala 2022. godine. Dodala je kako je nacrt PR VS\u017d izra\u0111en i proslije\u0111en nositelju izrade Vukovarsko-srijemskoj \u017eupaniji ) na daljnje postupanje.<\/p>\n<p>Ravnatelj Razvojne agencije Vukovarsko-srijemske \u017eupanije, g. Ilija Cota dodatno je pobli\u017ee objasnio razloge odgode usvajanja PR VS\u017d<\/p>\n<p>Budu\u0107i da pod petom to\u010dkom dnevnog reda nije bilo pitanja, predsjednik PV VS\u017d je zatvorio sjednicu.<\/p>","protected":false},"excerpt":{"rendered":"<p>U petak, 17. prosinca 2021. godine s po\u010detkom u 9:00 sati u velikoj vije\u0107nici Vukovarsko-srijemske \u017eupanije odr\u017eana je \u010detvrta sjednica Partnerskog vije\u0107a za podru\u010dje Vukovarsko-srijemske \u017eupanije. Na sjednici su prisustvovala 23 \u010dlana i zamjenika te predstavnici Razvojne agencije Vukovarsko-srijemske \u017eupanije (RA VS\u017d) kao tajni\u0161tvo Partnerskog vije\u0107a za podru\u010dje Vukovarsko-srijemske \u017eupanije. Predsjednik Partnerskog vije\u0107a Vukovarsko-srijemske \u017eupanije [&hellip;]<\/p>","protected":false},"author":2,"featured_media":6554,"comment_status":"closed","ping_status":"closed","sticky":false,"template":"","format":"standard","meta":{"_et_pb_use_builder":"","_et_pb_old_content":"","_et_gb_content_width":"","footnotes":""},"categories":[4],"tags":[],"class_list":["post-6553","post","type-post","status-publish","format-standard","has-post-thumbnail","hentry","category-vijesti"],"_links":{"self":[{"href":"https:\/\/www.ra-vsz.hr\/en\/wp-json\/wp\/v2\/posts\/6553","targetHints":{"allow":["GET"]}}],"collection":[{"href":"https:\/\/www.ra-vsz.hr\/en\/wp-json\/wp\/v2\/posts"}],"about":[{"href":"https:\/\/www.ra-vsz.hr\/en\/wp-json\/wp\/v2\/types\/post"}],"author":[{"embeddable":true,"href":"https:\/\/www.ra-vsz.hr\/en\/wp-json\/wp\/v2\/users\/2"}],"replies":[{"embeddable":true,"href":"https:\/\/www.ra-vsz.hr\/en\/wp-json\/wp\/v2\/comments?post=6553"}],"version-history":[{"count":2,"href":"https:\/\/www.ra-vsz.hr\/en\/wp-json\/wp\/v2\/posts\/6553\/revisions"}],"predecessor-version":[{"id":10790,"href":"https:\/\/www.ra-vsz.hr\/en\/wp-json\/wp\/v2\/posts\/6553\/revisions\/10790"}],"wp:featuredmedia":[{"embeddable":true,"href":"https:\/\/www.ra-vsz.hr\/en\/wp-json\/"}],"wp:attachment":[{"href":"https:\/\/www.ra-vsz.hr\/en\/wp-json\/wp\/v2\/media?parent=6553"}],"wp:term":[{"taxonomy":"category","embeddable":true,"href":"https:\/\/www.ra-vsz.hr\/en\/wp-json\/wp\/v2\/categories?post=6553"},{"taxonomy":"post_tag","embeddable":true,"href":"https:\/\/www.ra-vsz.hr\/en\/wp-json\/wp\/v2\/tags?post=6553"}],"curies":[{"name":"wp","href":"https:\/\/api.w.org\/{rel}","templated":true}]}}