{"id":6548,"date":"2021-12-20T09:02:18","date_gmt":"2021-12-20T07:02:18","guid":{"rendered":"https:\/\/www.ra-vsz.hr\/?p=6548"},"modified":"2023-01-30T18:57:25","modified_gmt":"2023-01-30T18:57:25","slug":"objavljen-poziv-za-predlaganje-programa-javnih-potreba-u-kulturi-republike-hrvatske-za-2022-godinu-koji-se-odnose-na-zastitu-i-ocuvanje-kulturnih-dobara","status":"publish","type":"post","link":"https:\/\/www.ra-vsz.hr\/en\/objavljen-poziv-za-predlaganje-programa-javnih-potreba-u-kulturi-republike-hrvatske-za-2022-godinu-koji-se-odnose-na-zastitu-i-ocuvanje-kulturnih-dobara\/","title":{"rendered":"Objavljen Poziv za predlaganje programa javnih potreba u kulturi Republike Hrvatske za 2022. godinu koji se odnose na za\u0161titu i o\u010duvanje kulturnih dobara"},"content":{"rendered":"<h3><span style=\"font-size: 12pt;\">Zbog \u0161teta uzrokovanih katastrofalnim potresima na pogo\u0111enim podru\u010djima u o\u017eujku i prosincu 2020, Ministarstvo kulture i medija ulo\u017eilo je nacionalna sredstava u 2021. godini u provo\u0111enje hitnih mjera za\u0161tite stradalih kulturnih dobara (evakuacije, podupiranja, hitne sanacije itd.) \u0161to je odgodilo ostala redovna ulaganja u ba\u0161tinu i kulturna dobra Republike Hrvatske uklju\u010duju\u0107i i raspisivanje poziva za sljede\u0107u godinu.\u00a0<\/span><\/h3>\n<p>Ministarstvo kulture i medija objavilo je <a href=\"https:\/\/min-kulture.gov.hr\/?id=21696\" target=\"_blank\" rel=\"noopener\"><em><strong>Poziv za predlaganje programa javnih potreba u kulturi Republike Hrvatske za 2022. godinu koji se odnose na za\u0161titu i o\u010duvanje kulturnih dobara.<\/strong><\/em><\/a><\/p>\n<p><strong>Prijave se mogu podnijeti u razdoblju od 17. prosinca 2021. do 31. sije\u010dnja 2022. godine.<\/strong><\/p>\n<p>U prora\u010dunu Republike Hrvatske osiguravaju se sredstva za javne potrebe u kulturi koja se odnose na za\u0161titu i o\u010duvanje kulturne ba\u0161tine i kulturnih dobara Republike Hrvatske.<\/p>\n<p>Pravo podno\u0161enja programa na temelju Poziva imaju pravne i fizi\u010dke osobe za potrebe za\u0161tite i o\u010duvanja kulturnih dobara i arheolo\u0161ke ba\u0161tine u skladu s uputama za prijavitelje.<\/p>\n<p>U Program javnih potreba, u skladu sa Zakonom o financiranju javnih potreba u kulturi, objavljenim kriterijima te ocjenom izvr\u0161enja dosada\u0161njih ugovornih obveza korisnika prema Ministarstvu kulture i medija, uva\u017eavaju\u0107i posljedice dvaju sna\u017enih potresa koji su utjecali na planiranje ulaganja u za\u0161titu i o\u010duvanje kulturnih dobara osobito na podru\u010dju pogo\u0111enih potresom, uvrstit \u0107e se programi:<\/p>\n<p>&#8211; za\u0161tite i o\u010duvanja kopnene arheolo\u0161ke ba\u0161tine,<br \/>\n&#8211; za\u0161tite i o\u010duvanja podvodne arheolo\u0161ke ba\u0161tine,<br \/>\n&#8211; za\u0161tite i o\u010duvanja nepokretnih kulturnih dobara,<br \/>\n&#8211; za\u0161tite i o\u010duvanja pokretnih kulturnih dobara,<br \/>\n&#8211; za\u0161tite i o\u010duvanja nematerijalnih kulturnih dobara.<\/p>\n<p>Prijave se podnose elektroni\u010dkim putem na odgovaraju\u0107im e-obrascima (za svako programsko podru\u010dje posebna e-prijavnica) koji su dostupni na stranicama Ministarstva kulture i medija:\u00a0<strong><a class=\"outlink\" href=\"https:\/\/e-prijavnice.min-kulture.hr\/e-pisarnica\" target=\"_blank\" rel=\"noopener\">https:\/\/e-prijavnice.min-kulture.hr\/e-pisarnica<\/a><\/strong>. Uz svaku elektroni\u010dki popunjenu e-prijavnicu potrebno je u\u010ditati, odnosno pohraniti svu propisanu popratnu dokumentaciju u digitalnom obliku.<\/p>\n<p>Vi\u0161e o samom Pozivu mo\u017eete prona\u0107i na <a href=\"https:\/\/min-kulture.gov.hr\/vijesti-8\/objavljen-poziv-za-predlaganje-programa-javnih-potreba-u-kulturi-republike-hrvatske-za-2022-godinu-koji-se-odnose-na-zastitu-i-ocuvanje-kulturnih-dobara\/21707\" target=\"_blank\" rel=\"noopener\">poveznici<\/a>.<\/p>","protected":false},"excerpt":{"rendered":"<p>Zbog \u0161teta uzrokovanih katastrofalnim potresima na pogo\u0111enim podru\u010djima u o\u017eujku i prosincu 2020, Ministarstvo kulture i medija ulo\u017eilo je nacionalna sredstava u 2021. godini u provo\u0111enje hitnih mjera za\u0161tite stradalih kulturnih dobara (evakuacije, podupiranja, hitne sanacije itd.) \u0161to je odgodilo ostala redovna ulaganja u ba\u0161tinu i kulturna dobra Republike Hrvatske uklju\u010duju\u0107i i raspisivanje poziva za [&hellip;]<\/p>","protected":false},"author":2,"featured_media":6549,"comment_status":"closed","ping_status":"closed","sticky":false,"template":"","format":"standard","meta":{"_et_pb_use_builder":"","_et_pb_old_content":"","_et_gb_content_width":"","footnotes":""},"categories":[4],"tags":[],"class_list":["post-6548","post","type-post","status-publish","format-standard","has-post-thumbnail","hentry","category-vijesti"],"_links":{"self":[{"href":"https:\/\/www.ra-vsz.hr\/en\/wp-json\/wp\/v2\/posts\/6548","targetHints":{"allow":["GET"]}}],"collection":[{"href":"https:\/\/www.ra-vsz.hr\/en\/wp-json\/wp\/v2\/posts"}],"about":[{"href":"https:\/\/www.ra-vsz.hr\/en\/wp-json\/wp\/v2\/types\/post"}],"author":[{"embeddable":true,"href":"https:\/\/www.ra-vsz.hr\/en\/wp-json\/wp\/v2\/users\/2"}],"replies":[{"embeddable":true,"href":"https:\/\/www.ra-vsz.hr\/en\/wp-json\/wp\/v2\/comments?post=6548"}],"version-history":[{"count":1,"href":"https:\/\/www.ra-vsz.hr\/en\/wp-json\/wp\/v2\/posts\/6548\/revisions"}],"predecessor-version":[{"id":10788,"href":"https:\/\/www.ra-vsz.hr\/en\/wp-json\/wp\/v2\/posts\/6548\/revisions\/10788"}],"wp:featuredmedia":[{"embeddable":true,"href":"https:\/\/www.ra-vsz.hr\/en\/wp-json\/"}],"wp:attachment":[{"href":"https:\/\/www.ra-vsz.hr\/en\/wp-json\/wp\/v2\/media?parent=6548"}],"wp:term":[{"taxonomy":"category","embeddable":true,"href":"https:\/\/www.ra-vsz.hr\/en\/wp-json\/wp\/v2\/categories?post=6548"},{"taxonomy":"post_tag","embeddable":true,"href":"https:\/\/www.ra-vsz.hr\/en\/wp-json\/wp\/v2\/tags?post=6548"}],"curies":[{"name":"wp","href":"https:\/\/api.w.org\/{rel}","templated":true}]}}