{"id":6481,"date":"2021-12-15T15:03:50","date_gmt":"2021-12-15T13:03:50","guid":{"rendered":"https:\/\/www.ra-vsz.hr\/?p=6481"},"modified":"2023-01-30T18:54:22","modified_gmt":"2023-01-30T18:54:22","slug":"javni-poziv-za-sufinanciranje-nabave-filtera-i-ili-sustava-za-prociscavanje-zraka-u-vozilima-u-cestovnom-prijevozu-putnika-u-autobusima-i-dr","status":"publish","type":"post","link":"https:\/\/www.ra-vsz.hr\/en\/javni-poziv-za-sufinanciranje-nabave-filtera-i-ili-sustava-za-prociscavanje-zraka-u-vozilima-u-cestovnom-prijevozu-putnika-u-autobusima-i-dr\/","title":{"rendered":"Javni poziv za sufinanciranje nabave filtera i\/ili sustava za pro\u010di\u0161\u0107avanje zraka u vozilima u cestovnom prijevozu putnika (u autobusima i dr.)"},"content":{"rendered":"<p>Predmet Javnog poziva za neposredno sufinanciranje nabave filtera ili\/i sustava za pro\u010di\u0161\u0107avanje zraka u vozilima u javnom linijskom i povremenom prijevozu putnika (npr. autobusima i dr.)\u00a0 je nabava filtera i\/ili filtracijskih sustava\u00a0 koji imaju svrhu sprje\u010davanja \u0161irenja pove\u0107anih koli\u010dina alergena, koji su posljedica klimatskih promjena.<\/p>\n<p>Pravo na kori\u0161tenje sredstava Fonda sukladno ovom Javnom pozivu mogu ostvariti isklju\u010divo pravne i fizi\u010dke osobe &#8211; obrtnici u javnom linijskom i povremenom cestovnom prijevozu putnika u unutarnjem i me\u0111unarodnom prijevozu.<\/p>\n<p>Podnositelj zahtjeva mo\u017ee ostvariti sredstva Fonda po ovom Javnom pozivu \u00a0najvi\u0161e do 600.000,00 kuna.<\/p>\n<p>Vi\u0161e informacija na <strong><a href=\"https:\/\/www.fzoeu.hr\/hr\/nacionalni-javni-pozivi-i-natjecaji\/1367\" target=\"_blank\" rel=\"noopener\">poveznici.<\/a><\/strong><\/p>","protected":false},"excerpt":{"rendered":"<p>Predmet Javnog poziva za neposredno sufinanciranje nabave filtera ili\/i sustava za pro\u010di\u0161\u0107avanje zraka u vozilima u javnom linijskom i povremenom prijevozu putnika (npr. autobusima i dr.)\u00a0 je nabava filtera i\/ili filtracijskih sustava\u00a0 koji imaju svrhu sprje\u010davanja \u0161irenja pove\u0107anih koli\u010dina alergena, koji su posljedica klimatskih promjena. Pravo na kori\u0161tenje sredstava Fonda sukladno ovom Javnom pozivu mogu [&hellip;]<\/p>","protected":false},"author":2,"featured_media":6482,"comment_status":"closed","ping_status":"closed","sticky":false,"template":"","format":"standard","meta":{"_et_pb_use_builder":"","_et_pb_old_content":"","_et_gb_content_width":"","footnotes":""},"categories":[4],"tags":[],"class_list":["post-6481","post","type-post","status-publish","format-standard","has-post-thumbnail","hentry","category-vijesti"],"_links":{"self":[{"href":"https:\/\/www.ra-vsz.hr\/en\/wp-json\/wp\/v2\/posts\/6481","targetHints":{"allow":["GET"]}}],"collection":[{"href":"https:\/\/www.ra-vsz.hr\/en\/wp-json\/wp\/v2\/posts"}],"about":[{"href":"https:\/\/www.ra-vsz.hr\/en\/wp-json\/wp\/v2\/types\/post"}],"author":[{"embeddable":true,"href":"https:\/\/www.ra-vsz.hr\/en\/wp-json\/wp\/v2\/users\/2"}],"replies":[{"embeddable":true,"href":"https:\/\/www.ra-vsz.hr\/en\/wp-json\/wp\/v2\/comments?post=6481"}],"version-history":[{"count":1,"href":"https:\/\/www.ra-vsz.hr\/en\/wp-json\/wp\/v2\/posts\/6481\/revisions"}],"predecessor-version":[{"id":10777,"href":"https:\/\/www.ra-vsz.hr\/en\/wp-json\/wp\/v2\/posts\/6481\/revisions\/10777"}],"wp:featuredmedia":[{"embeddable":true,"href":"https:\/\/www.ra-vsz.hr\/en\/wp-json\/"}],"wp:attachment":[{"href":"https:\/\/www.ra-vsz.hr\/en\/wp-json\/wp\/v2\/media?parent=6481"}],"wp:term":[{"taxonomy":"category","embeddable":true,"href":"https:\/\/www.ra-vsz.hr\/en\/wp-json\/wp\/v2\/categories?post=6481"},{"taxonomy":"post_tag","embeddable":true,"href":"https:\/\/www.ra-vsz.hr\/en\/wp-json\/wp\/v2\/tags?post=6481"}],"curies":[{"name":"wp","href":"https:\/\/api.w.org\/{rel}","templated":true}]}}