{"id":6442,"date":"2021-12-13T15:49:21","date_gmt":"2021-12-13T13:49:21","guid":{"rendered":"https:\/\/www.ra-vsz.hr\/?p=6442"},"modified":"2023-01-30T18:53:27","modified_gmt":"2023-01-30T18:53:27","slug":"odrzana-2-sjednica-koordinacije-zupana-gradonacelnika-i-nacelnika-vukovarsko-srijemske-zupanije","status":"publish","type":"post","link":"https:\/\/www.ra-vsz.hr\/en\/odrzana-2-sjednica-koordinacije-zupana-gradonacelnika-i-nacelnika-vukovarsko-srijemske-zupanije\/","title":{"rendered":"Odr\u017eana 2. sjednica Koordinacije \u017eupana, gradona\u010delnika i na\u010delnika Vukovarsko-srijemske \u017eupanije"},"content":{"rendered":"<p>U Velikoj \u017eupanijskoj vije\u0107nici u Vukovaru 13. prosinca 2021. godine odr\u017eana je 2. sjednica Koordinacije \u017eupana, gradona\u010delnika i na\u010delnika Vukovarsko-srijemske \u017eupanije koju je sazvao i vodio \u017eupan Damir Dekani\u0107.<\/p>\n<p>Po predlo\u017eenom dnevnom redu izvijestilo se o sljede\u0107ih osam to\u010daka dnevnog reda.<\/p>\n<p>O prijedlogu Hrvatske zajednice \u017eupanija za promjenom omjera broja \u010dlanova u \u0161kolskim odborima izvijestila je g\u0111a. Jadranka Mustapi\u0107-Karli\u0107 v.d. pro\u010delnice Upravnog odjela za obrazovanje i kulturu. G\u0111a. Marija Budimir, v.d. pro\u010delnice Upravnog odjela za gospodarstvo i odr\u017eivi razvoj upoznala je prisutne s problematikom izrade mre\u017ee linija javnog prijevoza autobusom na podru\u010dju Vukovarsko-srijemske \u017eupanije, dok je je v.d. pro\u010delnika Upravnog odjela za zdravstvo i socijalnu skrb, g. Mato Pulji\u0107 informirao prisutne o provo\u0111enju mjera dezinsekcije za 2022. godinu kao i Izvje\u0161\u0107e za 2021. godinu. G. Mario Me\u0161trovi\u0107, v.d. pro\u010delnika Upravnog odjela za sport, mlade i demografiju i g. Josip \u0110uki\u0107, direktor tvrtke Eko sustav d.o.o. govorili su o Informacijama o mogu\u0107oj energetskoj obnovi sportskih objekata i \u0161kola na podru\u010dju jedinica lokalne samouprave.<\/p>\n<p>Posljednje \u010detiri to\u010dke planiranog dnevnog reda prezentirao je g. Ilija Cota, ravnatelj Razvojne agencije Vukovarsko-srijemske \u017eupanije u kojima je govorio o Planu industrijske tranzicije Panonske Hrvatske, Provedbenim programima, Informacijama o stanju Plana razvoja Vukovarsko-srijemske \u017eupanije 2021.-2027. godine i Projektu \u201eESI fondovima do odr\u017eivog razvoja Vukovarsko-srijemske \u017eupanije II\u201c<\/p>\n<p>Uz ravnatelja Razvojne agencije Vukovarsko-srijemske \u017eupanije na sjednici Koordinacije sudjelovale su zamjenica ravnatelja g\u0111a. Marija Devi\u0107 i voditeljica Odjela za regionalni razvoj i strate\u0161ko planiranje g\u0111a. Ivana Marjanovi\u0107.<\/p>","protected":false},"excerpt":{"rendered":"<p>U Velikoj \u017eupanijskoj vije\u0107nici u Vukovaru 13. prosinca 2021. godine odr\u017eana je 2. sjednica Koordinacije \u017eupana, gradona\u010delnika i na\u010delnika Vukovarsko-srijemske \u017eupanije koju je sazvao i vodio \u017eupan Damir Dekani\u0107. Po predlo\u017eenom dnevnom redu izvijestilo se o sljede\u0107ih osam to\u010daka dnevnog reda. O prijedlogu Hrvatske zajednice \u017eupanija za promjenom omjera broja \u010dlanova u \u0161kolskim odborima izvijestila [&hellip;]<\/p>","protected":false},"author":2,"featured_media":6443,"comment_status":"closed","ping_status":"closed","sticky":false,"template":"","format":"standard","meta":{"_et_pb_use_builder":"","_et_pb_old_content":"","_et_gb_content_width":"","footnotes":""},"categories":[4],"tags":[],"class_list":["post-6442","post","type-post","status-publish","format-standard","has-post-thumbnail","hentry","category-vijesti"],"_links":{"self":[{"href":"https:\/\/www.ra-vsz.hr\/en\/wp-json\/wp\/v2\/posts\/6442","targetHints":{"allow":["GET"]}}],"collection":[{"href":"https:\/\/www.ra-vsz.hr\/en\/wp-json\/wp\/v2\/posts"}],"about":[{"href":"https:\/\/www.ra-vsz.hr\/en\/wp-json\/wp\/v2\/types\/post"}],"author":[{"embeddable":true,"href":"https:\/\/www.ra-vsz.hr\/en\/wp-json\/wp\/v2\/users\/2"}],"replies":[{"embeddable":true,"href":"https:\/\/www.ra-vsz.hr\/en\/wp-json\/wp\/v2\/comments?post=6442"}],"version-history":[{"count":1,"href":"https:\/\/www.ra-vsz.hr\/en\/wp-json\/wp\/v2\/posts\/6442\/revisions"}],"predecessor-version":[{"id":10773,"href":"https:\/\/www.ra-vsz.hr\/en\/wp-json\/wp\/v2\/posts\/6442\/revisions\/10773"}],"wp:featuredmedia":[{"embeddable":true,"href":"https:\/\/www.ra-vsz.hr\/en\/wp-json\/"}],"wp:attachment":[{"href":"https:\/\/www.ra-vsz.hr\/en\/wp-json\/wp\/v2\/media?parent=6442"}],"wp:term":[{"taxonomy":"category","embeddable":true,"href":"https:\/\/www.ra-vsz.hr\/en\/wp-json\/wp\/v2\/categories?post=6442"},{"taxonomy":"post_tag","embeddable":true,"href":"https:\/\/www.ra-vsz.hr\/en\/wp-json\/wp\/v2\/tags?post=6442"}],"curies":[{"name":"wp","href":"https:\/\/api.w.org\/{rel}","templated":true}]}}