{"id":6434,"date":"2021-12-13T11:34:38","date_gmt":"2021-12-13T09:34:38","guid":{"rendered":"https:\/\/www.ra-vsz.hr\/?p=6434"},"modified":"2023-01-30T18:53:16","modified_gmt":"2023-01-30T18:53:16","slug":"pocetna-konferencija-u-sklopu-projekta-izrada-projektno-tehnicke-dokumentacije-transportno-logistickog-centra-vukovarsko-srijemske-zupanije","status":"publish","type":"post","link":"https:\/\/www.ra-vsz.hr\/en\/pocetna-konferencija-u-sklopu-projekta-izrada-projektno-tehnicke-dokumentacije-transportno-logistickog-centra-vukovarsko-srijemske-zupanije\/","title":{"rendered":"Po\u010detna konferencija u sklopu projekta \u201eIzrada projektno-tehni\u010dke dokumentacije Transportno-logisti\u010dkog centra Vukovarsko-srijemske \u017eupanije\u201c"},"content":{"rendered":"<p>Dana, 10. prosinca 2021. godine u Velikoj \u017eupanijskoj vije\u0107nici Vukovarsko-srijemske \u017eupanije u Vinkovcima organizirana je po\u010detna konferencija projekta \u201eIzrada projektno-tehni\u010dke dokumentacije Transportno-logisti\u010dkog centra Vukovarsko-srijemske \u017eupanije\u201c.<\/p>\n<p>Na konferenciji su se obratili \u017eupan Vukovarsko -srijemske \u017eupanije Damir Dekani\u0107, zamjenik gradona\u010delnika grada Vinkovaca Josip Romi\u0107, te ravnatelj \u017eupanijske Razvojne agencije Ilija Cota.<\/p>\n<p>Nositelj projekta je Vukovarsko-srijemska \u017eupanija, partner na projektu je Grad Vinkovci, a suradnik Razvojna agencija Vukovarsko-srijemske \u017eupanije.<\/p>\n<p>Op\u0107i cilj ovog projekta formiranje je suvremenog logisti\u010dkog centra u skladu s europskim standardima i kvalitetom izvedbe u cilju osiguranja okvira za ekonomski isplativo i dugoro\u010dno samoodr\u017eivo funkcioniranje.<\/p>\n<p>Projektom \u0107e se izraditi projektno-tehni\u010dka dokumentacija za izgradnju logisti\u010dko-proizvodne poduzetni\u010dke zone, smje\u0161tene u Vinkovcima povr\u0161ine 59 hektara. Namjena zone je obavljanje logisti\u010dko-distribucijskih i proizvodnih djelatnosti. U zoni \u0107e biti pru\u017eene sve potrebne usluge za obavljanje logisti\u010dko-distribucijskih aktivnosti uz mogu\u0107nost skladi\u0161tenja. Dio povr\u0161ine zone sadr\u017eavat \u0107e komunalno opremljene gra\u0111evinske parcele koje \u0107e biti ponu\u0111ene zainteresiranim poduzetnicima za obavljanje proizvodno-prera\u0111iva\u010dke i uslu\u017ene djelatnosti.<\/p>\n<p>Na ovaj na\u010din osigurati \u0107e se infrastruktura za podr\u0161ku razvoju gospodarstva i logistike na podru\u010dju Vukovarsko-srijemske \u017eupanije koja \u0107e pridonijeti razvoju logistike i distribucije, privla\u010denju novih investicija, rastu i razvoju malih i srednjih poduze\u0107a, stvaranje novih radnih mjesta.<\/p>\n<p>Provedbom projekta, otvoriti \u0107e se prilika dolasku novih investitora te imati direktan utjecaj na pove\u0107anje zaposlenosti lokalnog stanovni\u0161tva, razvoj gospodarstva i poduzetni\u010dke klime \u0161to predstavlja glavni cilj projekta. Samim time, gospodarstvo grada Vinkovaca i Vukovarsko-srijemske \u017eupanije postat \u0107e konkurentnije, \u0161to \u0107e dugoro\u010dno utjecati na pove\u0107anje standarda. Temeljem prethodno napravljenih analiza do\u0161lo se do zaklju\u010dka da potencijal razvitka TLC-a VS\u017d na lokaciji Vinkovci postoji, ali ga je potrebno razvijati kao mje\u0161ovito logisti\u010dko proizvodnu zonu, s jakim osloncem na lokalne proizvo\u0111a\u010de u prvoj fazi i specijalizaciju za odre\u0111ene segmente logistike.<\/p>\n<p>Izradom projektno-tehni\u010dke dokumentacije stvorit \u0107e se preduvjeti za prijavu projekata od regionalnog zna\u010daja usmjerenog na razvoj gospodarstva i prometa na odgovaraju\u0107i natje\u010daj u novoj financijskoj perspektivi Europske Unije.<\/p>","protected":false},"excerpt":{"rendered":"<p>Dana, 10. prosinca 2021. godine u Velikoj \u017eupanijskoj vije\u0107nici Vukovarsko-srijemske \u017eupanije u Vinkovcima organizirana je po\u010detna konferencija projekta \u201eIzrada projektno-tehni\u010dke dokumentacije Transportno-logisti\u010dkog centra Vukovarsko-srijemske \u017eupanije\u201c. Na konferenciji su se obratili \u017eupan Vukovarsko -srijemske \u017eupanije Damir Dekani\u0107, zamjenik gradona\u010delnika grada Vinkovaca Josip Romi\u0107, te ravnatelj \u017eupanijske Razvojne agencije Ilija Cota. Nositelj projekta je Vukovarsko-srijemska \u017eupanija, partner [&hellip;]<\/p>","protected":false},"author":2,"featured_media":6435,"comment_status":"closed","ping_status":"closed","sticky":false,"template":"","format":"standard","meta":{"_et_pb_use_builder":"","_et_pb_old_content":"","_et_gb_content_width":"","footnotes":""},"categories":[4],"tags":[],"class_list":["post-6434","post","type-post","status-publish","format-standard","has-post-thumbnail","hentry","category-vijesti"],"_links":{"self":[{"href":"https:\/\/www.ra-vsz.hr\/en\/wp-json\/wp\/v2\/posts\/6434","targetHints":{"allow":["GET"]}}],"collection":[{"href":"https:\/\/www.ra-vsz.hr\/en\/wp-json\/wp\/v2\/posts"}],"about":[{"href":"https:\/\/www.ra-vsz.hr\/en\/wp-json\/wp\/v2\/types\/post"}],"author":[{"embeddable":true,"href":"https:\/\/www.ra-vsz.hr\/en\/wp-json\/wp\/v2\/users\/2"}],"replies":[{"embeddable":true,"href":"https:\/\/www.ra-vsz.hr\/en\/wp-json\/wp\/v2\/comments?post=6434"}],"version-history":[{"count":1,"href":"https:\/\/www.ra-vsz.hr\/en\/wp-json\/wp\/v2\/posts\/6434\/revisions"}],"predecessor-version":[{"id":10772,"href":"https:\/\/www.ra-vsz.hr\/en\/wp-json\/wp\/v2\/posts\/6434\/revisions\/10772"}],"wp:featuredmedia":[{"embeddable":true,"href":"https:\/\/www.ra-vsz.hr\/en\/wp-json\/"}],"wp:attachment":[{"href":"https:\/\/www.ra-vsz.hr\/en\/wp-json\/wp\/v2\/media?parent=6434"}],"wp:term":[{"taxonomy":"category","embeddable":true,"href":"https:\/\/www.ra-vsz.hr\/en\/wp-json\/wp\/v2\/categories?post=6434"},{"taxonomy":"post_tag","embeddable":true,"href":"https:\/\/www.ra-vsz.hr\/en\/wp-json\/wp\/v2\/tags?post=6434"}],"curies":[{"name":"wp","href":"https:\/\/api.w.org\/{rel}","templated":true}]}}