{"id":6425,"date":"2021-12-09T09:25:53","date_gmt":"2021-12-09T07:25:53","guid":{"rendered":"https:\/\/www.ra-vsz.hr\/?p=6425"},"modified":"2023-01-30T18:52:51","modified_gmt":"2023-01-30T18:52:51","slug":"predstavljanje-pravno-ekonomske-klinike-studenata-4-i-5-godine-pravnog-fakulteta-osijek","status":"publish","type":"post","link":"https:\/\/www.ra-vsz.hr\/en\/predstavljanje-pravno-ekonomske-klinike-studenata-4-i-5-godine-pravnog-fakulteta-osijek\/","title":{"rendered":"Predstavljanje Pravno-ekonomske klinike studenata 4. i 5. godine Pravnog fakulteta Osijek"},"content":{"rendered":"<p>Pozivamo vas na predstavljanje Pravno-ekonomske klinike studenata 4. i 5. godine Pravnog fakulteta Osijek<\/p>\n<p>Predstavljanje \u0107e se odr\u017eati 17.12.2021. u 10:30 sati u konferencijskoj dvorani Tehnolo\u0161kog parka d.o.o. Vinkovci podru\u017enica Poduzetni\u010dki inkubator Vinkovci, Dragutina \u017dani\u0107a Karle 16.<\/p>\n<p>Studenti 4. i 5. godine Pravnog fakulteta Osijek sa svojom izv. prof. dr. sc. Dubravka Ak\u0161amovi\u0107, \u010dlanovi Pravno-ekonomske klinike, u suradnji s Poduzetni\u010dkim inkubatorom dolaze u Vinkovce i u prostorijama inkubatora odr\u017eat \u0107e izlaganje na temu\u00a0<strong>\u201e\u0160to je to<\/strong>\u00a0<strong>Pravno-ekonomska klinika i kako vam mo\u017ee pomo\u0107i?\u201c<\/strong><\/p>\n<p>Pravno ekonomska klinika je interdisciplinarni projekt Pravnog fakulteta u Osijeku i Ekonomskog fakulteta u Osijeku putem kojeg studenti ovih dvaju Fakulteta pru\u017eaju besplatne savjetodavne stru\u010dne usluge u prvom redu malim i srednjim poduze\u0107ima uz mentorstvo profesora, odvjetnika, sudaca te stru\u010dnjaka iz prakse.<\/p>\n<p>Sukladno Odluci sto\u017eera o nu\u017enim epidemiolo\u0161kim mjerama, doga\u0111aju je mogu\u0107e nazo\u010diti uz predo\u010denje EU COVID potvrde ili potvrde o preboljenju ili negativnog testa.<\/p>\n<p>Molimo vas da svoj dolazak potvrdite na e-mail: info@inkubator-vinkovci.eu<\/p>\n<p>Detalje mo\u017eete pratiti na facebook eventu:<\/p>\n<p><a href=\"https:\/\/www.facebook.com\/events\/311206874192948?ref=newsfeed\" target=\"_blank\" rel=\"noopener\">https:\/\/www.facebook.com\/events\/311206874192948<\/a><\/p>","protected":false},"excerpt":{"rendered":"<p>Pozivamo vas na predstavljanje Pravno-ekonomske klinike studenata 4. i 5. godine Pravnog fakulteta Osijek Predstavljanje \u0107e se odr\u017eati 17.12.2021. u 10:30 sati u konferencijskoj dvorani Tehnolo\u0161kog parka d.o.o. Vinkovci podru\u017enica Poduzetni\u010dki inkubator Vinkovci, Dragutina \u017dani\u0107a Karle 16. Studenti 4. i 5. godine Pravnog fakulteta Osijek sa svojom izv. prof. dr. sc. Dubravka Ak\u0161amovi\u0107, \u010dlanovi Pravno-ekonomske [&hellip;]<\/p>","protected":false},"author":2,"featured_media":6424,"comment_status":"closed","ping_status":"closed","sticky":false,"template":"","format":"standard","meta":{"_et_pb_use_builder":"","_et_pb_old_content":"","_et_gb_content_width":"","footnotes":""},"categories":[4],"tags":[],"class_list":["post-6425","post","type-post","status-publish","format-standard","has-post-thumbnail","hentry","category-vijesti"],"_links":{"self":[{"href":"https:\/\/www.ra-vsz.hr\/en\/wp-json\/wp\/v2\/posts\/6425","targetHints":{"allow":["GET"]}}],"collection":[{"href":"https:\/\/www.ra-vsz.hr\/en\/wp-json\/wp\/v2\/posts"}],"about":[{"href":"https:\/\/www.ra-vsz.hr\/en\/wp-json\/wp\/v2\/types\/post"}],"author":[{"embeddable":true,"href":"https:\/\/www.ra-vsz.hr\/en\/wp-json\/wp\/v2\/users\/2"}],"replies":[{"embeddable":true,"href":"https:\/\/www.ra-vsz.hr\/en\/wp-json\/wp\/v2\/comments?post=6425"}],"version-history":[{"count":1,"href":"https:\/\/www.ra-vsz.hr\/en\/wp-json\/wp\/v2\/posts\/6425\/revisions"}],"predecessor-version":[{"id":10770,"href":"https:\/\/www.ra-vsz.hr\/en\/wp-json\/wp\/v2\/posts\/6425\/revisions\/10770"}],"wp:featuredmedia":[{"embeddable":true,"href":"https:\/\/www.ra-vsz.hr\/en\/wp-json\/"}],"wp:attachment":[{"href":"https:\/\/www.ra-vsz.hr\/en\/wp-json\/wp\/v2\/media?parent=6425"}],"wp:term":[{"taxonomy":"category","embeddable":true,"href":"https:\/\/www.ra-vsz.hr\/en\/wp-json\/wp\/v2\/categories?post=6425"},{"taxonomy":"post_tag","embeddable":true,"href":"https:\/\/www.ra-vsz.hr\/en\/wp-json\/wp\/v2\/tags?post=6425"}],"curies":[{"name":"wp","href":"https:\/\/api.w.org\/{rel}","templated":true}]}}