{"id":6395,"date":"2021-12-07T13:14:53","date_gmt":"2021-12-07T11:14:53","guid":{"rendered":"https:\/\/www.ra-vsz.hr\/?p=6395"},"modified":"2023-01-30T18:51:49","modified_gmt":"2023-01-30T18:51:49","slug":"ublazavanje-siromastva-pruzanjem-pomoci-najpotrebitijim-osobama-podjelom-hrane-i-ili-osnovne-materijalne-pomoci-faza-iv","status":"publish","type":"post","link":"https:\/\/www.ra-vsz.hr\/en\/ublazavanje-siromastva-pruzanjem-pomoci-najpotrebitijim-osobama-podjelom-hrane-i-ili-osnovne-materijalne-pomoci-faza-iv\/","title":{"rendered":"Ubla\u017eavanje siroma\u0161tva pru\u017eanjem pomo\u0107i najpotrebitijim osobama podjelom hrane i\/ili osnovne materijalne pomo\u0107i \u2013 faza IV"},"content":{"rendered":"<p>Ovaj Poziv usmjeren je na ubla\u017eavanje najgorih oblika siroma\u0161tva, pru\u017eanjem nefinancijske pomo\u0107i (hrane i\/ili osnovne materijalne pomo\u0107i) te pru\u017eanjem popratnih mjera koje \u0107e doprinijeti boljem socijalnom uklju\u010divanju, s ciljem doprinosa rje\u0161avanju posljedica pandemije COVID-19 i potresa u odnosu na najpotrebitije u Hrvatskoj.<\/p>\n<p>Ciljane skupine Poziva su samci i\/ili ku\u0107anstva koja \u017eive u siroma\u0161tvu ili su u riziku od siroma\u0161tva i definirani su kao najpotrebitiji prema kriterijima partnerske organizacije za primanje hrane i\/ili osnovne materijalne pomo\u0107i.<\/p>\n<p>Prihvatljivi prijavitelji i partneri su neprofitne pravne osobe kojima je nadle\u017eno upravno tijelo izdalo rje\u0161enje kojim se odobrava stalno prikupljanje i pru\u017eanje humanitarne pomo\u0107i.<\/p>\n<p>Poziv je sufinanciran sredstvima Fond europske pomo\u0107i za najpotrebitije \u2013 iz sredstava REACT-EU u okviru FEAD Operativnog programa za hranu i\/ili osnovnu materijalnu pomo\u0107 za razdoblje 2014. \u2013 2020. kao odgovor Unije na pandemiju bolesti COVID-19.<\/p>\n<p>Vrijednost natje\u010daja: 80.795.000,00 kn<\/p>\n<p>Vi\u0161e informacija na sljede\u0107oj <strong><a href=\"https:\/\/strukturnifondovi.hr\/natjecaji\/ublazavanje-siromastva-pruzanjem-pomoci-najpotrebitijim-osobama-podjelom-hrane-i-ili-osnovne-materijalne-pomoci-faza-iv\/\" target=\"_blank\" rel=\"noopener\">poveznici<\/a><\/strong>.<\/p>","protected":false},"excerpt":{"rendered":"<p>Ovaj Poziv usmjeren je na ubla\u017eavanje najgorih oblika siroma\u0161tva, pru\u017eanjem nefinancijske pomo\u0107i (hrane i\/ili osnovne materijalne pomo\u0107i) te pru\u017eanjem popratnih mjera koje \u0107e doprinijeti boljem socijalnom uklju\u010divanju, s ciljem doprinosa rje\u0161avanju posljedica pandemije COVID-19 i potresa u odnosu na najpotrebitije u Hrvatskoj. Ciljane skupine Poziva su samci i\/ili ku\u0107anstva koja \u017eive u siroma\u0161tvu ili su [&hellip;]<\/p>","protected":false},"author":2,"featured_media":6396,"comment_status":"closed","ping_status":"closed","sticky":false,"template":"","format":"standard","meta":{"_et_pb_use_builder":"","_et_pb_old_content":"","_et_gb_content_width":"","footnotes":""},"categories":[4],"tags":[],"class_list":["post-6395","post","type-post","status-publish","format-standard","has-post-thumbnail","hentry","category-vijesti"],"_links":{"self":[{"href":"https:\/\/www.ra-vsz.hr\/en\/wp-json\/wp\/v2\/posts\/6395","targetHints":{"allow":["GET"]}}],"collection":[{"href":"https:\/\/www.ra-vsz.hr\/en\/wp-json\/wp\/v2\/posts"}],"about":[{"href":"https:\/\/www.ra-vsz.hr\/en\/wp-json\/wp\/v2\/types\/post"}],"author":[{"embeddable":true,"href":"https:\/\/www.ra-vsz.hr\/en\/wp-json\/wp\/v2\/users\/2"}],"replies":[{"embeddable":true,"href":"https:\/\/www.ra-vsz.hr\/en\/wp-json\/wp\/v2\/comments?post=6395"}],"version-history":[{"count":1,"href":"https:\/\/www.ra-vsz.hr\/en\/wp-json\/wp\/v2\/posts\/6395\/revisions"}],"predecessor-version":[{"id":10769,"href":"https:\/\/www.ra-vsz.hr\/en\/wp-json\/wp\/v2\/posts\/6395\/revisions\/10769"}],"wp:featuredmedia":[{"embeddable":true,"href":"https:\/\/www.ra-vsz.hr\/en\/wp-json\/"}],"wp:attachment":[{"href":"https:\/\/www.ra-vsz.hr\/en\/wp-json\/wp\/v2\/media?parent=6395"}],"wp:term":[{"taxonomy":"category","embeddable":true,"href":"https:\/\/www.ra-vsz.hr\/en\/wp-json\/wp\/v2\/categories?post=6395"},{"taxonomy":"post_tag","embeddable":true,"href":"https:\/\/www.ra-vsz.hr\/en\/wp-json\/wp\/v2\/tags?post=6395"}],"curies":[{"name":"wp","href":"https:\/\/api.w.org\/{rel}","templated":true}]}}