{"id":6354,"date":"2021-12-03T13:14:30","date_gmt":"2021-12-03T11:14:30","guid":{"rendered":"https:\/\/www.ra-vsz.hr\/?p=6354"},"modified":"2023-01-30T18:49:42","modified_gmt":"2023-01-30T18:49:42","slug":"uzivo-konferencija-pametna-sela-europski-koncept-razvitka-ruralnih-podrucja","status":"publish","type":"post","link":"https:\/\/www.ra-vsz.hr\/en\/uzivo-konferencija-pametna-sela-europski-koncept-razvitka-ruralnih-podrucja\/","title":{"rendered":"Konferencija \u201ePametna sela \u2013 europski koncept razvitka ruralnih podru\u010dja\u201c"},"content":{"rendered":"<p>U petak, 03. prosinca 2021. godine, Vukovarsko-srijemska \u017eupanija u suorganizaciji je s Uredom zastupnika u Europskom parlamentu doc.dr.sc. Tomislavom Sokolom, Ministarstvom poljoprivrede i Ministarstvom regionalnog razvoja i fondova Europske unije organizirala je Konferenciju \u201ePametna sela \u2013 EU koncept razvitka ruralnih podru\u010dja\u201c.<\/p>\n<p>Na konferenciji su predstavljene smjernice novog europskog koncepta i primjeri dobre prakse u Republici Hrvatskoj i Europskoj uniji. Kroz uvodna obra\u0107anja i panel raspravu cilj konferencije bio je stru\u010dnoj i \u0161iroj javnosti predstaviti mogu\u0107nosti koje pru\u017ea europski koncept Pametnog sela kao odrednice strate\u0161kog razvoja za ruralna podru\u010dja.<\/p>\n<p>Konferenciju je otvorio \u017eupan Vukovarsko-srijemske \u017eupanije, g. Damir Dekani\u0107 koji je istaknuo kako se hrvatsko i slavonsko selo korjenito mijenja. Naglasio je kako su gradona\u010delnici i na\u010delnici do sada imali situaciju da se bore na svoj na\u010din kako bi pobolj\u0161ali uvjete \u017eivota sa ciljem da ljudi ostanu u selima u ruralnim podru\u010djima.<\/p>\n<p>Zastupnik u Europskom parlamentu, doc.dr.sc. Tomislav Sokol predstavio je projekt \u201ePametna selo \u2013 EU koncept razvoja ruralni zajednice\u201d. Istaknuo je i kako \u0107e se kroz projekt \u201cPametna sela\u201d omogu\u0107iti izgradnja zdravstvene, obrazovne, prometne i druge infrastrukture diljem ruralnih podru\u010dja kako bi ih se u\u010dinilo atraktivnima, posebice za mlade.<\/p>\n<p>\u201eRazvoj sela treba promatrati na novi na\u010din gdje je svakako va\u017ena poljoprivreda ali je potrebno voditi ra\u010duna i da stanovnici imaju \u0161irokopojasni Internet, pristup \u0161kolama, zdravstvenim ustanovama, kvalitetna radna mjesta s dobrim pla\u0107ama\u2026 Na taj na\u010din mo\u017eemo zadr\u017eati mlade u selima ali i dovesti nove mlade ljude koji \u017eele \u017eivjeti na selu i iskoristiti sve njegove prednosti\u201c, rekao je Sokol.<\/p>\n<p>Ovom prilikom ministrica Vu\u010dkovi\u0107 potpisala je i ugovore sa \u017eupanima Dekani\u0107em i Anu\u0161i\u0107em o dodjeli bespovratnih sredstava za sufinanciranje projektno \u2013 tehni\u010dke dokumentacije za Projekt \u201cLogisti\u010dko distributivni centar Vinkovci\u201d kao i izgradnji Centra crne slavonske svinje na farmi Orlovnjak na podru\u010dju Osje\u010dko \u2013 baranjske op\u0107ine Antunovac.<\/p>\n<p>Osim navedenih, sudjelovali su i mr.sc. Davor Hu\u0161ka, ravnatelj Uprave za financije i informacijsko-komunikacijske sustave, Ministarstvo regionalnoga razvoja i fondova EU, kao i brojni stru\u010dnjaci iz podru\u010dja ruralnog razvoja.<\/p>\n<p>Na Konferenciji, kroz panel raspravu \u201ePametna sela \u2013 mogu\u0107nosti i dosada\u0161nje prakse u RH\u201c, ispred Razvojne agencije Vukovarsko-srijemske \u017eupanije sudjelovao je ravnatelj Ilija Cota, mag. iur. koji je javnosti predstavio odgovore Vukovarsko-srijemske \u017eupanije na izazove razvoja ruralnog podru\u010dja kroz koncept pametnih sela. Osim ravnatelja, na Konferenciji su sudjelovali Vedrana D\u017eoi\u0107, dipl. oec., voditeljica Odjela za istra\u017eivanje, razvoj i me\u0111unarodnu suradnju, Goran Koprivnjak, univ. spec, oec., voditelj Odjela za provedbu programa i projekata i Nikola \u0160ari\u0107, bacc. ing.el., voditelj projekta.<\/p>\n<p>Konferenciju je bilo mogu\u0107e pratiti od 11:00 sati putem <a href=\"https:\/\/www.youtube.com\/watch?v=D2vztAecvek\" target=\"_blank\" rel=\"noopener\">poveznice<\/a>.<\/p>","protected":false},"excerpt":{"rendered":"<p>U petak, 03. prosinca 2021. godine, Vukovarsko-srijemska \u017eupanija u suorganizaciji je s Uredom zastupnika u Europskom parlamentu doc.dr.sc. Tomislavom Sokolom, Ministarstvom poljoprivrede i Ministarstvom regionalnog razvoja i fondova Europske unije organizirala je Konferenciju \u201ePametna sela \u2013 EU koncept razvitka ruralnih podru\u010dja\u201c. Na konferenciji su predstavljene smjernice novog europskog koncepta i primjeri dobre prakse u Republici [&hellip;]<\/p>","protected":false},"author":2,"featured_media":6355,"comment_status":"closed","ping_status":"closed","sticky":false,"template":"","format":"standard","meta":{"_et_pb_use_builder":"","_et_pb_old_content":"","_et_gb_content_width":"","footnotes":""},"categories":[4],"tags":[],"class_list":["post-6354","post","type-post","status-publish","format-standard","has-post-thumbnail","hentry","category-vijesti"],"_links":{"self":[{"href":"https:\/\/www.ra-vsz.hr\/en\/wp-json\/wp\/v2\/posts\/6354","targetHints":{"allow":["GET"]}}],"collection":[{"href":"https:\/\/www.ra-vsz.hr\/en\/wp-json\/wp\/v2\/posts"}],"about":[{"href":"https:\/\/www.ra-vsz.hr\/en\/wp-json\/wp\/v2\/types\/post"}],"author":[{"embeddable":true,"href":"https:\/\/www.ra-vsz.hr\/en\/wp-json\/wp\/v2\/users\/2"}],"replies":[{"embeddable":true,"href":"https:\/\/www.ra-vsz.hr\/en\/wp-json\/wp\/v2\/comments?post=6354"}],"version-history":[{"count":2,"href":"https:\/\/www.ra-vsz.hr\/en\/wp-json\/wp\/v2\/posts\/6354\/revisions"}],"predecessor-version":[{"id":10763,"href":"https:\/\/www.ra-vsz.hr\/en\/wp-json\/wp\/v2\/posts\/6354\/revisions\/10763"}],"wp:featuredmedia":[{"embeddable":true,"href":"https:\/\/www.ra-vsz.hr\/en\/wp-json\/"}],"wp:attachment":[{"href":"https:\/\/www.ra-vsz.hr\/en\/wp-json\/wp\/v2\/media?parent=6354"}],"wp:term":[{"taxonomy":"category","embeddable":true,"href":"https:\/\/www.ra-vsz.hr\/en\/wp-json\/wp\/v2\/categories?post=6354"},{"taxonomy":"post_tag","embeddable":true,"href":"https:\/\/www.ra-vsz.hr\/en\/wp-json\/wp\/v2\/tags?post=6354"}],"curies":[{"name":"wp","href":"https:\/\/api.w.org\/{rel}","templated":true}]}}