{"id":6324,"date":"2021-12-01T08:37:13","date_gmt":"2021-12-01T06:37:13","guid":{"rendered":"https:\/\/www.ra-vsz.hr\/?p=6324"},"modified":"2023-01-30T18:48:47","modified_gmt":"2023-01-30T18:48:47","slug":"uspjesno-odrzani-dani-otvorenih-vrata-eu-projekata","status":"publish","type":"post","link":"https:\/\/www.ra-vsz.hr\/en\/uspjesno-odrzani-dani-otvorenih-vrata-eu-projekata\/","title":{"rendered":"Uspje\u0161no odr\u017eani Dani otvorenih vrata EU projekata"},"content":{"rendered":"<p>U Razvojnoj agenciji Vukovarsko-srijemske \u017eupanije u razdoblju od 22. do 29. studenog odr\u017eano je 6 tematskih webinara\/prezentacija u sklopu &#8221;Dana otvorenih vrata EU projekata&#8221;.<\/p>\n<p>Ovaj doga\u0111aj odr\u017ean je u suradnji sa Ministarstvom regionalnoga razvoja i fondova Europske unije s ciljem upoznavanja naj\u0161ire javnosti sa projektima koji su dali doprinos razvoju lokalnih zajednica u podru\u010djima kao \u0161to su energetika, istra\u017eivanje i razvoj, kultura, obrazovanje, poduzetni\u0161tvo, promet, za\u0161tita okoli\u0161a, ruralni razvoj, socijalna uklju\u010denost, turizam, zdravlje i mnoga druga.<\/p>\n<p>RA VS\u017d predstavila je 6 projekata koji su u provedbi ili su provedeni a koji su imali\/imaju zna\u010dajan utjecaj na razvoj lokalne i regionalne zajednice, i to :<\/p>\n<ol>\n<li><strong> Pobolj\u0161anje uvjeta za pru\u017eanje primarne zdravstvene za\u0161tite u Vukovarsko-srijemskoj \u017eupaniji, <\/strong>projekt koji je odabran za Najbolji EU projekt 2021. u kategoriji\u00a0doprinos lokalnoj i regionalnoj zajednici a \u010diji cilj je bio pobolj\u0161anje pristupa primarnoj zdravstvenoj za\u0161titi s naglaskom na udaljena i deprivirana podru\u010dja Vukovarsko-srijemske \u017eupanije, a sa svrhom pobolj\u0161anja kvalitete usluge primarne zdravstvene za\u0161tite u VS\u017d.<\/li>\n<\/ol>\n<p><strong>\u00a0<\/strong><\/p>\n<ol start=\"2\">\n<li><strong> Digitalni inovacijski centar PANNONIA <\/strong>kao\u00a0instrument potpore gospodarskim subjektima te centar za promociju digitalizacije i digitalnu transformaciju poduzetni\u0161tva i prehrambeno-prera\u0111iva\u010dkog sektora, \u010diji su korisnici znanstveno-istra\u017eiva\u010dki centri, javne institucije i gospodarski subjekti na podru\u010dju Slavonije, Baranje i Srijema.<\/li>\n<\/ol>\n<p><strong>\u00a0<\/strong><\/p>\n<ol start=\"3\">\n<li><strong> Predstavljanje projekata razvoja poduzetni\u010dke infrastrukture financiranih iz fondova Europske unije na podru\u010dju Vukovarsko-srijemske \u017eupanije <\/strong>\u010dija je svrha omogu\u0107iti svim virtualnim posjetiteljima da se bolje upoznaju s projektima razvoja poduzetni\u010dke infrastrukture i poduzetni\u0161tva op\u0107enito, a sufinancirani su sredstvima iz EU fondova. Na radionici su predstavljeni :<\/li>\n<\/ol>\n<ol>\n<li>Izrada projektno-tehni\u010dke dokumentacije Transportno-logisti\u010dkog centra Vukovarsko-srijemske \u017eupanije<\/li>\n<li>Poduzetni\u010dki inkubator Vinkovci<\/li>\n<li>Izgradnja i opremanje poduzetni\u010dkog inkubatora Otok<\/li>\n<\/ol>\n<p><strong>\u00a0<\/strong><\/p>\n<ol start=\"4\">\n<li><strong> Centar za suvremene tehnologije i obrazovanje u poljoprivredi, faza I. i faza II. <\/strong>aktivnosti ovih projekata provode se sa ciljem unaprje\u0111enje infrastrukture u Poljoprivredno \u0161umarskoj \u0161koli u Vinkovcima i Srednjoj \u0161koli Ilok i pove\u0107anja relevantnosti strukovnog obrazovanja kroz pobolj\u0161anje edukativno-demonstrativnih uvjeta u sektoru poljoprivrednog obrazovanja kako bi se postigla ve\u0107a zapo\u0161ljivost u\u010denika u poljoprivrednimdjelatnostima.<\/li>\n<\/ol>\n<p><strong>\u00a0<\/strong><\/p>\n<ol start=\"5\">\n<li><strong> Prona\u0111ena NEET <\/strong>sa ciljem dosega, aktivacije i motiviranja mladih neaktivnih osoba u NEET (\u201cNot in Education, Employment, or Training\u201d) statusu do 29 godina\u00a0 na uklju\u010divanje u obrazovne programe i tr\u017ei\u0161te rada putem informiranja, osna\u017eivanja i uspostave novih usluga i servisa na podru\u010dju Osje\u010dko-baranjske i Vukovarsko-srijemske \u017eupanije. Tako\u0111er, za odabrane polaznike koji se budu iskazali kao najbolji u te\u010dajevima\/programima u kojima \u0107e sudjelovati, osigurana su sredstva za polaganje voza\u010dkog ispita u auto\u0161koli.<\/li>\n<\/ol>\n<ol start=\"6\">\n<li><strong> Ispletimo mre\u017eu! <\/strong>sa ciljem predstavljanja projekta kojim se pru\u017ea podr\u0161ku procesu deinstitucionalizacije razvojem i unaprje\u0111enjem kvalitete izvaninstitucijskih socijalnih usluga za djecu i mla\u0111e punoljetne osobe bez odgovaraju\u0107e roditeljske skrbi, djecu s te\u0161ko\u0107ama u razvoju, trudnice ili roditelje s djetetom do godine dana \u017eivota djeteta u riziku od socijalne isklju\u010denosti, odrasle osobe s invaliditetom, starije osobe, besku\u0107nike, \u017ertve obiteljskog nasilja, \u010dlanove obitelji ili udomiteljskih obitelji i dr.<\/li>\n<\/ol>","protected":false},"excerpt":{"rendered":"<p>U Razvojnoj agenciji Vukovarsko-srijemske \u017eupanije u razdoblju od 22. do 29. studenog odr\u017eano je 6 tematskih webinara\/prezentacija u sklopu &#8221;Dana otvorenih vrata EU projekata&#8221;. Ovaj doga\u0111aj odr\u017ean je u suradnji sa Ministarstvom regionalnoga razvoja i fondova Europske unije s ciljem upoznavanja naj\u0161ire javnosti sa projektima koji su dali doprinos razvoju lokalnih zajednica u podru\u010djima kao [&hellip;]<\/p>","protected":false},"author":2,"featured_media":6280,"comment_status":"closed","ping_status":"closed","sticky":false,"template":"","format":"standard","meta":{"_et_pb_use_builder":"","_et_pb_old_content":"","_et_gb_content_width":"","footnotes":""},"categories":[4],"tags":[],"class_list":["post-6324","post","type-post","status-publish","format-standard","has-post-thumbnail","hentry","category-vijesti"],"_links":{"self":[{"href":"https:\/\/www.ra-vsz.hr\/en\/wp-json\/wp\/v2\/posts\/6324","targetHints":{"allow":["GET"]}}],"collection":[{"href":"https:\/\/www.ra-vsz.hr\/en\/wp-json\/wp\/v2\/posts"}],"about":[{"href":"https:\/\/www.ra-vsz.hr\/en\/wp-json\/wp\/v2\/types\/post"}],"author":[{"embeddable":true,"href":"https:\/\/www.ra-vsz.hr\/en\/wp-json\/wp\/v2\/users\/2"}],"replies":[{"embeddable":true,"href":"https:\/\/www.ra-vsz.hr\/en\/wp-json\/wp\/v2\/comments?post=6324"}],"version-history":[{"count":1,"href":"https:\/\/www.ra-vsz.hr\/en\/wp-json\/wp\/v2\/posts\/6324\/revisions"}],"predecessor-version":[{"id":10757,"href":"https:\/\/www.ra-vsz.hr\/en\/wp-json\/wp\/v2\/posts\/6324\/revisions\/10757"}],"wp:featuredmedia":[{"embeddable":true,"href":"https:\/\/www.ra-vsz.hr\/en\/wp-json\/"}],"wp:attachment":[{"href":"https:\/\/www.ra-vsz.hr\/en\/wp-json\/wp\/v2\/media?parent=6324"}],"wp:term":[{"taxonomy":"category","embeddable":true,"href":"https:\/\/www.ra-vsz.hr\/en\/wp-json\/wp\/v2\/categories?post=6324"},{"taxonomy":"post_tag","embeddable":true,"href":"https:\/\/www.ra-vsz.hr\/en\/wp-json\/wp\/v2\/tags?post=6324"}],"curies":[{"name":"wp","href":"https:\/\/api.w.org\/{rel}","templated":true}]}}