{"id":6300,"date":"2021-11-29T15:26:15","date_gmt":"2021-11-29T13:26:15","guid":{"rendered":"https:\/\/www.ra-vsz.hr\/?p=6300"},"modified":"2023-01-30T18:47:38","modified_gmt":"2023-01-30T18:47:38","slug":"poziv-za-predlaganje-umjetnicko-edukativnih-programa-i-ili-radionica-za-ruksak-pun-kulture-za-2022-godinu","status":"publish","type":"post","link":"https:\/\/www.ra-vsz.hr\/en\/poziv-za-predlaganje-umjetnicko-edukativnih-programa-i-ili-radionica-za-ruksak-pun-kulture-za-2022-godinu\/","title":{"rendered":"Poziv za predlaganje umjetni\u010dko-edukativnih programa i\/ili radionica za Ruksak (pun) kulture za 2022. godinu"},"content":{"rendered":"<p>Ministarstvo kulture i medija objavilo je Poziv za predlaganje umjetni\u010dko-edukativnih programa i\/ili radionica za Ruksak (pun) kulture &#8211; umjetnost i kultura u vrti\u0107u i \u0161koli, nacionalni dopunski program u vrti\u0107ima te osnovnim i srednjim \u0161kolama u Republici Hrvatskoj za 2022. godinu.<\/p>\n<p>Predlo\u017eeni programi i\/ili radionice trebaju pokrivati podru\u010dja izvedbenih umjetnosti, vizualnu i filmsku umjetnost, knji\u017eevnost i kulturnu ba\u0161tinu, a prijave na temelju Poziva mogu se podnositi do 10. prosinca 2021. godine.<\/p>\n<p>Program \u0107e, sukladno epidemiolo\u0161kim mjerama, u 2022. godini provoditi stru\u010dnjaci iz razli\u010ditih umjetni\u010dkih podru\u010dja.<\/p>\n<p>Detaljnije informacije te upute za prijavu mo\u017eete prona\u0107i na sljede\u0107oj <a href=\"https:\/\/min-kulture.gov.hr\/vijesti-8\/poziv-za-predlaganje-umjetnicko-edukativnih-programa-i-ili-radionica-za-ruksak-pun-kulture-za-2022-godinu\/21580\" target=\"_blank\" rel=\"noopener\">poveznici<\/a>.<\/p>","protected":false},"excerpt":{"rendered":"<p>Ministarstvo kulture i medija objavilo je Poziv za predlaganje umjetni\u010dko-edukativnih programa i\/ili radionica za Ruksak (pun) kulture &#8211; umjetnost i kultura u vrti\u0107u i \u0161koli, nacionalni dopunski program u vrti\u0107ima te osnovnim i srednjim \u0161kolama u Republici Hrvatskoj za 2022. godinu. Predlo\u017eeni programi i\/ili radionice trebaju pokrivati podru\u010dja izvedbenih umjetnosti, vizualnu i filmsku umjetnost, knji\u017eevnost [&hellip;]<\/p>","protected":false},"author":2,"featured_media":6301,"comment_status":"closed","ping_status":"closed","sticky":false,"template":"","format":"standard","meta":{"_et_pb_use_builder":"","_et_pb_old_content":"","_et_gb_content_width":"","footnotes":""},"categories":[4],"tags":[],"class_list":["post-6300","post","type-post","status-publish","format-standard","has-post-thumbnail","hentry","category-vijesti"],"_links":{"self":[{"href":"https:\/\/www.ra-vsz.hr\/en\/wp-json\/wp\/v2\/posts\/6300","targetHints":{"allow":["GET"]}}],"collection":[{"href":"https:\/\/www.ra-vsz.hr\/en\/wp-json\/wp\/v2\/posts"}],"about":[{"href":"https:\/\/www.ra-vsz.hr\/en\/wp-json\/wp\/v2\/types\/post"}],"author":[{"embeddable":true,"href":"https:\/\/www.ra-vsz.hr\/en\/wp-json\/wp\/v2\/users\/2"}],"replies":[{"embeddable":true,"href":"https:\/\/www.ra-vsz.hr\/en\/wp-json\/wp\/v2\/comments?post=6300"}],"version-history":[{"count":1,"href":"https:\/\/www.ra-vsz.hr\/en\/wp-json\/wp\/v2\/posts\/6300\/revisions"}],"predecessor-version":[{"id":10752,"href":"https:\/\/www.ra-vsz.hr\/en\/wp-json\/wp\/v2\/posts\/6300\/revisions\/10752"}],"wp:featuredmedia":[{"embeddable":true,"href":"https:\/\/www.ra-vsz.hr\/en\/wp-json\/"}],"wp:attachment":[{"href":"https:\/\/www.ra-vsz.hr\/en\/wp-json\/wp\/v2\/media?parent=6300"}],"wp:term":[{"taxonomy":"category","embeddable":true,"href":"https:\/\/www.ra-vsz.hr\/en\/wp-json\/wp\/v2\/categories?post=6300"},{"taxonomy":"post_tag","embeddable":true,"href":"https:\/\/www.ra-vsz.hr\/en\/wp-json\/wp\/v2\/tags?post=6300"}],"curies":[{"name":"wp","href":"https:\/\/api.w.org\/{rel}","templated":true}]}}