{"id":6216,"date":"2021-11-05T09:04:10","date_gmt":"2021-11-05T07:04:10","guid":{"rendered":"https:\/\/www.ra-vsz.hr\/?p=6216"},"modified":"2023-01-30T18:44:04","modified_gmt":"2023-01-30T18:44:04","slug":"komisija-povecava-ukljucivost-programa-erasmus-i-europskih-snaga-solidarnosti","status":"publish","type":"post","link":"https:\/\/www.ra-vsz.hr\/en\/komisija-povecava-ukljucivost-programa-erasmus-i-europskih-snaga-solidarnosti\/","title":{"rendered":"Komisija pove\u0107ava uklju\u010divost programa Erasmus+ i Europskih snaga solidarnosti"},"content":{"rendered":"<p>Komisija je donijela okvir za pove\u0107anje uklju\u010divosti i raznolikosti programa Erasmus+ i Europskih snaga solidarnosti za razdoblje 2021. \u2013 2027. Tim se mjerama ispunjava preuzeta obveza Komisije predsjednice von der Leyen da znatno oja\u010da oba programa, ne samo omogu\u0107avanjem u\u010denja ili volontiranja u drugoj zemlji ve\u0107em broju ljudi, nego pogotovo usmjeravanjem na \u0161to vi\u0161e ljudi koji imaju manje mogu\u0107nosti.<\/p>\n<p>Okvirom mjera za uklju\u010divanje Komisija daje sna\u017ean poticaj za pove\u0107anje pravednosti i uklju\u010divanja u europskom prostoru obrazovanja, a i ispunjava obe\u0107anje iz prvog na\u010dela europskog stupa socijalnih prava, koje glasi da svi imaju pravo na kvalitetno i uklju\u010divo obrazovanje, osposobljavanje i cjelo\u017eivotno u\u010denje.<\/p>\n<p>Vi\u0161e informacija na sljede\u0107oj <a href=\"https:\/\/ec.europa.eu\/croatia\/news\/the_commission_makes_erasmus_and_european_solidarity_corps_more_inclusive_hr\" target=\"_blank\" rel=\"noopener\">poveznici<\/a>.<\/p>","protected":false},"excerpt":{"rendered":"<p>Komisija je donijela okvir za pove\u0107anje uklju\u010divosti i raznolikosti programa Erasmus+ i Europskih snaga solidarnosti za razdoblje 2021. \u2013 2027. Tim se mjerama ispunjava preuzeta obveza Komisije predsjednice von der Leyen da znatno oja\u010da oba programa, ne samo omogu\u0107avanjem u\u010denja ili volontiranja u drugoj zemlji ve\u0107em broju ljudi, nego pogotovo usmjeravanjem na \u0161to vi\u0161e ljudi [&hellip;]<\/p>","protected":false},"author":2,"featured_media":6217,"comment_status":"closed","ping_status":"closed","sticky":false,"template":"","format":"standard","meta":{"_et_pb_use_builder":"","_et_pb_old_content":"","_et_gb_content_width":"","footnotes":""},"categories":[4],"tags":[],"class_list":["post-6216","post","type-post","status-publish","format-standard","has-post-thumbnail","hentry","category-vijesti"],"_links":{"self":[{"href":"https:\/\/www.ra-vsz.hr\/en\/wp-json\/wp\/v2\/posts\/6216","targetHints":{"allow":["GET"]}}],"collection":[{"href":"https:\/\/www.ra-vsz.hr\/en\/wp-json\/wp\/v2\/posts"}],"about":[{"href":"https:\/\/www.ra-vsz.hr\/en\/wp-json\/wp\/v2\/types\/post"}],"author":[{"embeddable":true,"href":"https:\/\/www.ra-vsz.hr\/en\/wp-json\/wp\/v2\/users\/2"}],"replies":[{"embeddable":true,"href":"https:\/\/www.ra-vsz.hr\/en\/wp-json\/wp\/v2\/comments?post=6216"}],"version-history":[{"count":1,"href":"https:\/\/www.ra-vsz.hr\/en\/wp-json\/wp\/v2\/posts\/6216\/revisions"}],"predecessor-version":[{"id":10737,"href":"https:\/\/www.ra-vsz.hr\/en\/wp-json\/wp\/v2\/posts\/6216\/revisions\/10737"}],"wp:featuredmedia":[{"embeddable":true,"href":"https:\/\/www.ra-vsz.hr\/en\/wp-json\/"}],"wp:attachment":[{"href":"https:\/\/www.ra-vsz.hr\/en\/wp-json\/wp\/v2\/media?parent=6216"}],"wp:term":[{"taxonomy":"category","embeddable":true,"href":"https:\/\/www.ra-vsz.hr\/en\/wp-json\/wp\/v2\/categories?post=6216"},{"taxonomy":"post_tag","embeddable":true,"href":"https:\/\/www.ra-vsz.hr\/en\/wp-json\/wp\/v2\/tags?post=6216"}],"curies":[{"name":"wp","href":"https:\/\/api.w.org\/{rel}","templated":true}]}}