{"id":6212,"date":"2021-11-04T09:53:34","date_gmt":"2021-11-04T07:53:34","guid":{"rendered":"https:\/\/www.ra-vsz.hr\/?p=6212"},"modified":"2023-01-30T18:43:54","modified_gmt":"2023-01-30T18:43:54","slug":"poziv-na-prijave-za-dugorocno-medunarodno-osposobljavanje-lobbying-for-youth-work","status":"publish","type":"post","link":"https:\/\/www.ra-vsz.hr\/en\/poziv-na-prijave-za-dugorocno-medunarodno-osposobljavanje-lobbying-for-youth-work\/","title":{"rendered":"Poziv na prijave za dugoro\u010dno me\u0111unarodno osposobljavanje Lobbying for Youth Work"},"content":{"rendered":"<p>Agencija za mobilnost i programe EU partner je u drugom izdanju me\u0111unarodnog osposobljavanja pod nazivom &#8220;Lobbying for Youth Work&#8221;. Aktivnost je dio strate\u0161kog projekta, &#8220;Europe Goes Local: Supporting Youth Work at the Municipal Level&#8221; a drugo izdanje osposobljavanja provodi se u suradnji s nacionalnim agencijama iz Njema\u010dke, Belgije, Latvije i Francuske.<\/p>\n<p>Rad s mladima prepoznat je kao podru\u010dje koje se na svakodnevnoj razni susre\u0107e s izazovima koji su \u010desto rezultat politi\u010dkih odluka. &#8220;Lobbying for Youth work&#8221; je u tom smislu namijenjen za osna\u017eivanje djelatnika koji se unutar jedinica lokalne samouprave bave podru\u010djem mladih te osoba koje rade s mladima &#8211; u podru\u010dju\u00a0zagovaranja za rad s mladima. Cilj je ste\u0107i vje\u0161tine i znanja koje \u0107e sudionicima pomo\u0107i pri realizaciji konkretnih ciljeva u podru\u010dju rada s mladima, a sve s namjerom pozicioniranja lokalnih politika za mlade u dugoro\u010dnoj perspektivi.<\/p>\n<p>Konceptom aktivnosti predvi\u0111ena su 3 modula osposobljavanja tijekom ne\u0161to vi\u0161e od godine dana, do 3 webinara te rad na pripremi i realizaciji akcijskih planova koje \u0107e biti dio osobnog zagovara\u010dkog projekta svakog sudionika. U cijelom procesu i tijekom cjelokupnog trajanja aktivnosti, sudionici \u0107e imati podr\u0161ku nacionalnog mentora.<\/p>\n<p>Svi tro\u0161kovi sudjelovanja hrvatskih predstavnika pokriveni su kroz projektnih prora\u010dun.<\/p>\n<p>Poziv je otvoren za predstavnike jedinica lokalne samouprave te organizacija civilnog dru\u0161tva koji se bave podru\u010djem rada s mladima.<\/p>\n<p>Rok za prijave je\u00a020. studenoga 2021., a u nastavku se nalaze detalji o aktivnosti i na\u010dinu prijave:<\/p>\n<ul>\n<li><a href=\"https:\/\/www.mobilnost.hr\/cms_files\/2021\/10\/1634643931_call-lfyw.pdf\" target=\"_blank\" rel=\"noopener\">tekst poziva sa svim detaljima o aktivnosti<\/a><\/li>\n<li><a href=\"https:\/\/www.salto-youth.net\/mysalto\/login\/?pfad=%2Fmysalto%2Fna%2Fonline-forms%2Fform%2F1830%2Fanswer%2F\" target=\"_blank\" rel=\"noopener\">prijavni obrazac<\/a>\u00a0(prethodno je potrebno biti registriran i prijavljen na stranici\u00a0<a href=\"https:\/\/www.salto-youth.net\/\" target=\"_blank\" rel=\"noopener\">Salto-Youth<\/a>)<\/li>\n<li><a href=\"https:\/\/www.sw.eah-jena.de\/fbsw\/profs\/werner.lindner\/texte\/doc\/Lobbywork.pdf\" target=\"_blank\" rel=\"noopener\">rezultati i u\u010dinci prvog izdanja aktivnosti \u201eLobbying for Youth Work\u201c<\/a><\/li>\n<\/ul>\n<p>datum otvaranja: 19.10.2021.<br \/>\ndatum zatvaranja: 20.11.2021.<\/p>","protected":false},"excerpt":{"rendered":"<p>Agencija za mobilnost i programe EU partner je u drugom izdanju me\u0111unarodnog osposobljavanja pod nazivom &#8220;Lobbying for Youth Work&#8221;. Aktivnost je dio strate\u0161kog projekta, &#8220;Europe Goes Local: Supporting Youth Work at the Municipal Level&#8221; a drugo izdanje osposobljavanja provodi se u suradnji s nacionalnim agencijama iz Njema\u010dke, Belgije, Latvije i Francuske. Rad s mladima prepoznat [&hellip;]<\/p>","protected":false},"author":2,"featured_media":5942,"comment_status":"closed","ping_status":"closed","sticky":false,"template":"","format":"standard","meta":{"_et_pb_use_builder":"","_et_pb_old_content":"","_et_gb_content_width":"","footnotes":""},"categories":[4],"tags":[],"class_list":["post-6212","post","type-post","status-publish","format-standard","has-post-thumbnail","hentry","category-vijesti"],"_links":{"self":[{"href":"https:\/\/www.ra-vsz.hr\/en\/wp-json\/wp\/v2\/posts\/6212","targetHints":{"allow":["GET"]}}],"collection":[{"href":"https:\/\/www.ra-vsz.hr\/en\/wp-json\/wp\/v2\/posts"}],"about":[{"href":"https:\/\/www.ra-vsz.hr\/en\/wp-json\/wp\/v2\/types\/post"}],"author":[{"embeddable":true,"href":"https:\/\/www.ra-vsz.hr\/en\/wp-json\/wp\/v2\/users\/2"}],"replies":[{"embeddable":true,"href":"https:\/\/www.ra-vsz.hr\/en\/wp-json\/wp\/v2\/comments?post=6212"}],"version-history":[{"count":1,"href":"https:\/\/www.ra-vsz.hr\/en\/wp-json\/wp\/v2\/posts\/6212\/revisions"}],"predecessor-version":[{"id":10736,"href":"https:\/\/www.ra-vsz.hr\/en\/wp-json\/wp\/v2\/posts\/6212\/revisions\/10736"}],"wp:featuredmedia":[{"embeddable":true,"href":"https:\/\/www.ra-vsz.hr\/en\/wp-json\/"}],"wp:attachment":[{"href":"https:\/\/www.ra-vsz.hr\/en\/wp-json\/wp\/v2\/media?parent=6212"}],"wp:term":[{"taxonomy":"category","embeddable":true,"href":"https:\/\/www.ra-vsz.hr\/en\/wp-json\/wp\/v2\/categories?post=6212"},{"taxonomy":"post_tag","embeddable":true,"href":"https:\/\/www.ra-vsz.hr\/en\/wp-json\/wp\/v2\/tags?post=6212"}],"curies":[{"name":"wp","href":"https:\/\/api.w.org\/{rel}","templated":true}]}}