{"id":6194,"date":"2021-11-02T15:38:20","date_gmt":"2021-11-02T13:38:20","guid":{"rendered":"https:\/\/www.ra-vsz.hr\/?p=6194"},"modified":"2023-01-30T18:43:32","modified_gmt":"2023-01-30T18:43:32","slug":"odrzana-treca-sjednica-partnerskog-vijeca-za-podrucje-vukovarsko-srijemske-zupanije","status":"publish","type":"post","link":"https:\/\/www.ra-vsz.hr\/en\/odrzana-treca-sjednica-partnerskog-vijeca-za-podrucje-vukovarsko-srijemske-zupanije\/","title":{"rendered":"Odr\u017eana tre\u0107a sjednica Partnerskog vije\u0107a za podru\u010dje Vukovarsko-srijemske \u017eupanije"},"content":{"rendered":"<p>U petak, 29. listopada 2021. godine s po\u010detkom u 13,00 sati u velikoj vije\u0107nici Vukovarsko-srijemske \u017eupanije odr\u017eana je tre\u0107a po redu sjednica Partnerskog vije\u0107a za podru\u010dje Vukovarsko-srijemske \u017eupanije (u nastavku teksta PV VS\u017d). Na sjednici su prisustvovali \u017eupan Vukovarsko-srijemske \u017eupanije g. Damir Dekani\u0107, 24 \u010dlana i zamjenika \u010dlanova PV VS\u017d te predstavnici Razvojne agencije Vukovarsko-srijemske \u017eupanije kao tajni\u0161tva PV VS\u017d.<\/p>\n<p>\u017dupan Vukovarsko-srijemske \u017eupanije g. Damir Dekani\u0107 odr\u017eao je uvodnu rije\u010d u kojoj je pozdravio sve prisutne te predstavio to\u010dke dnevnog reda, a zatim je jednoglasno usvojen zapisnik s druge sjednice Partnerskog vije\u0107a za podru\u010dje Vukovarsko-srijemske \u017eupanije.<\/p>\n<p>Po tre\u0107oj to\u010dki dnevnog reda odr\u017ean je izbor za predsjednika i zamjenika predsjednika PV VS\u017d. Novoizabrani predsjednik s 24 glasa PV VS\u017d je v.d. pro\u010delnika ureda \u017eupana g. Marko Dikoni\u0107, a zamjenik predsjednika dekan Veleu\u010dili\u0161ta Lavoslava Ru\u017ei\u010dka u Vukovaru g. \u017deljko Sudari\u0107, tako\u0111er s 24 glasa.<\/p>\n<p>Ravnatelj Razvojne agencije Vukovarsko-srijemske \u017eupanije g. Ilija Cota \u010destitao je novoizabranom predsjedniku i potpredsjedniku te je po \u010detvrtoj to\u010dki dnevnog reda odr\u017eao kratki govor o va\u017enosti suradnje svih \u010dlanova u izradi Plana razvoja Vukovarsko-srijemske \u017eupanije za razdoblje od 2021.-2027. godine.\u00a0 Rije\u010d je zatim prepustio voditeljici Odjela za regionalni razvoj i strate\u0161ko planiranje RA VS\u017d g\u0111i Ivani Marjanovi\u0107 koja je izvijestila \u010dlanove o napretku u izradi navedenog dokumenta te predstavila dinami\u010dki plan sa svim klju\u010dnim aktivnostima potrebnih za njegov dovr\u0161etak.<\/p>\n<p>Pod petom to\u010dkom dnevnog reda, \u010dlanovi PV VS\u017d su imali priliku postaviti pitanja vezano za operativnu izradu navedenog strate\u0161kog dokumenta.<\/p>\n<p>\u010cetvrta sjednica PV VS\u017d predvi\u0111ena je za kraj studenog 2021. godine.<\/p>","protected":false},"excerpt":{"rendered":"<p>U petak, 29. listopada 2021. godine s po\u010detkom u 13,00 sati u velikoj vije\u0107nici Vukovarsko-srijemske \u017eupanije odr\u017eana je tre\u0107a po redu sjednica Partnerskog vije\u0107a za podru\u010dje Vukovarsko-srijemske \u017eupanije (u nastavku teksta PV VS\u017d). Na sjednici su prisustvovali \u017eupan Vukovarsko-srijemske \u017eupanije g. Damir Dekani\u0107, 24 \u010dlana i zamjenika \u010dlanova PV VS\u017d te predstavnici Razvojne agencije Vukovarsko-srijemske [&hellip;]<\/p>","protected":false},"author":2,"featured_media":6196,"comment_status":"closed","ping_status":"closed","sticky":false,"template":"","format":"standard","meta":{"_et_pb_use_builder":"","_et_pb_old_content":"","_et_gb_content_width":"","footnotes":""},"categories":[4],"tags":[],"class_list":["post-6194","post","type-post","status-publish","format-standard","has-post-thumbnail","hentry","category-vijesti"],"_links":{"self":[{"href":"https:\/\/www.ra-vsz.hr\/en\/wp-json\/wp\/v2\/posts\/6194","targetHints":{"allow":["GET"]}}],"collection":[{"href":"https:\/\/www.ra-vsz.hr\/en\/wp-json\/wp\/v2\/posts"}],"about":[{"href":"https:\/\/www.ra-vsz.hr\/en\/wp-json\/wp\/v2\/types\/post"}],"author":[{"embeddable":true,"href":"https:\/\/www.ra-vsz.hr\/en\/wp-json\/wp\/v2\/users\/2"}],"replies":[{"embeddable":true,"href":"https:\/\/www.ra-vsz.hr\/en\/wp-json\/wp\/v2\/comments?post=6194"}],"version-history":[{"count":1,"href":"https:\/\/www.ra-vsz.hr\/en\/wp-json\/wp\/v2\/posts\/6194\/revisions"}],"predecessor-version":[{"id":10734,"href":"https:\/\/www.ra-vsz.hr\/en\/wp-json\/wp\/v2\/posts\/6194\/revisions\/10734"}],"wp:featuredmedia":[{"embeddable":true,"href":"https:\/\/www.ra-vsz.hr\/en\/wp-json\/"}],"wp:attachment":[{"href":"https:\/\/www.ra-vsz.hr\/en\/wp-json\/wp\/v2\/media?parent=6194"}],"wp:term":[{"taxonomy":"category","embeddable":true,"href":"https:\/\/www.ra-vsz.hr\/en\/wp-json\/wp\/v2\/categories?post=6194"},{"taxonomy":"post_tag","embeddable":true,"href":"https:\/\/www.ra-vsz.hr\/en\/wp-json\/wp\/v2\/tags?post=6194"}],"curies":[{"name":"wp","href":"https:\/\/api.w.org\/{rel}","templated":true}]}}